{"id":50364,"date":"2026-03-10T19:32:13","date_gmt":"2026-03-10T22:32:13","guid":{"rendered":"http:\/\/jornaldeitaipava.com.br\/?p=50364"},"modified":"2026-03-10T19:32:18","modified_gmt":"2026-03-10T22:32:18","slug":"mutirao-divida-zero-rj-acontece-entre-9-e-13-de-marco-em-20-pontos-do-estado","status":"publish","type":"post","link":"https:\/\/jornaldeitaipava.com.br\/index.php\/2026\/03\/10\/mutirao-divida-zero-rj-acontece-entre-9-e-13-de-marco-em-20-pontos-do-estado\/","title":{"rendered":"Mutir\u00e3o D\u00edvida Zero RJ acontece entre 9 e 13 de mar\u00e7o em 20 pontos do estado"},"content":{"rendered":"\n<p>Entre os dias 9 e 13 de mar\u00e7o, a Secretaria de Estado de Defesa do Consumidor (SEDCON) e o PROCON-RJ realizam o Mutir\u00e3o D\u00edvida Zero RJ, uma grande a\u00e7\u00e3o de renegocia\u00e7\u00e3o de d\u00e9bitos que promete beneficiar milhares de consumidores em situa\u00e7\u00e3o de vulnerabilidade financeira em todo o estado. A iniciativa reafirma o compromisso da SEDCON e do PROCON-RJ com a defesa dos direitos do consumidor e com a promo\u00e7\u00e3o da inclus\u00e3o financeira, oferecendo alternativas reais para quem precisa reorganizar a vida econ\u00f4mica. De acordo com o secret\u00e1rio de Estado de Defesa do Consumidor, Gutemberg Fonseca, o mutir\u00e3o \u00e9 uma oportunidade concreta de recome\u00e7o.<br>\u00a0<br>&#8211; Temos como prioridade oferecer solu\u00e7\u00f5es reais \u00e0 popula\u00e7\u00e3o. Sabemos que muitas fam\u00edlias atravessam problemas financeiros, e o mutir\u00e3o \u00e9 uma oportunidade de renegociar d\u00edvidas, recuperar o poder de compra e recome\u00e7ar com mais seguran\u00e7a-, destacou o secret\u00e1rio.<br>\u00a0<br>Em 2025, a SEDCON e o PROCON-RJ promoveram tr\u00eas mutir\u00f5es, sendo dois estaduais. Foram cerca de seis mil consumidores atendidos e aproximadamente R$ 40 milh\u00f5es em valores renegociados.<br>\u00a0<br><strong>Endividamento em alta no pa\u00eds<\/strong><br>\u00a0<br>Dados da Pesquisa de Endividamento e Inadimpl\u00eancia do Consumidor (PEIC), da Confedera\u00e7\u00e3o Nacional do Com\u00e9rcio (CNC), apontam que cerca de 79% das fam\u00edlias brasileiras est\u00e3o endividadas. Desse total, aproximadamente 29% t\u00eam contas em atraso e 12% afirmam n\u00e3o ter condi\u00e7\u00f5es de pagar suas d\u00edvidas.<br>\u00a0<br>Diante desse cen\u00e1rio, o mutir\u00e3o surge como uma alternativa direta e mediada por t\u00e9cnicos da SEDCON e do PROCON-RJ, garantindo acordos seguros, v\u00e1lidos e com respaldo legal.<br>\u00a0<br><strong>Locais de atendimento e empresas participantes<\/strong><br>\u00a0<br>Ser\u00e3o 20 pontos de atendimento distribu\u00eddos por todas as regi\u00f5es do estado, com a participa\u00e7\u00e3o de 25 empresas, entre bancos, financeiras, concession\u00e1rias de servi\u00e7os p\u00fablicos, varejistas, operadoras de telefonia e bir\u00f4 de cr\u00e9dito.<br>\u00a0<br><strong>Como participar<\/strong><br>\u00a0<br>Para ser atendido, o consumidor deve ser o titular da d\u00edvida a ser negociada e apresentar documento oficial com foto (RG ou CNH).<br><br>Neste ano, o atendimento contar\u00e1 com agendamento pr\u00e9vio pelo site\u00a0<a href=\"http:\/\/www.dividazerorj.com.br\/\" target=\"_blank\" rel=\"noreferrer noopener\">www.dividazerorj.com.br<\/a>. O consumidor que agendar hor\u00e1rio para o per\u00edodo da tarde dever\u00e1 comparecer ao local at\u00e9 as 14h. Tamb\u00e9m ser\u00e3o distribu\u00eddas senhas para atendimento presencial das 10h \u00e0s 13h.<br>\u00a0<br>&#8211; \u00c9 importante que o consumidor consulte previamente os hor\u00e1rios espec\u00edficos de cada unidade e as empresas participantes-, ressalta Fonseca.<br>\u00a0<br>O atendimento ser\u00e1 mediado por t\u00e9cnicos da SEDCON e do PROCON-RJ, garantindo que os acordos firmados tenham validade e seguran\u00e7a jur\u00eddica.<br>\u00a0<br>O Mutir\u00e3o D\u00edvida Zero RJ refor\u00e7a o compromisso da SEDCON e do PROCON-RJ em promover cidadania, reorganiza\u00e7\u00e3o financeira e oportunidades reais para que milhares de fam\u00edlias possam retomar o controle do or\u00e7amento e reconstruir sua estabilidade econ\u00f4mica.<br>\u00a0<br>\u00a0<br><strong>Servi\u00e7o (as informa\u00e7\u00f5es est\u00e3o dispon\u00edveis no\u00a0<a href=\"http:\/\/www.dividazerorj.com.br\/\" target=\"_blank\" rel=\"noreferrer noopener\">www.dividazerorj.com.br<\/a>)<\/strong><br><\/p>\n\n\n\n<p>\u00a0<strong>Petr\u00f3polis (Procon Municipal)<\/strong><br>Data: 11 e 12 de mar\u00e7o<br>Hor\u00e1rio: 10h \u00e0s 16h<br>Local: Rua Dr. Moreira da Fonseca, 33<br>Empresas participantes<br>Enel (presencial), Ita\u00fa (Presencial. Para serem atendidos no evento, os contratos precisam estar com pelo menos 90 dias de atraso e n\u00e3o terem sido negociados recentemente.), Light (Canal Whatsapp), Naturgy (Canal Whatsapp), Igu\u00e1 (Canal de telefone e Whatsapp), Bradesco (Canal telef\u00f4nico), Crefisa (Canal telef\u00f4nico), Crefisa (Canal telef\u00f4nico), Casas Bahia (Canal telef\u00f4nico), C&amp;A Pay (Canal telef\u00f4nico), Claro (Canal telef\u00f4nico), Tim (Canal telef\u00f4nico), Vivo (Canal telef\u00f4nico. N\u00e3o ser\u00e3o negociadas d\u00edvidas de consumidores PJ ou com tempo de inadimpl\u00eancia inferior a 60 dias.).<\/p>\n","protected":false},"excerpt":{"rendered":"<p>Entre os dias 9 e 13 de mar\u00e7o, a Secretaria de Estado de Defesa do<\/p>\n","protected":false},"author":1,"featured_media":10142,"comment_status":"closed","ping_status":"open","sticky":false,"template":"","format":"standard","meta":{"spay_email":"","footnotes":"","jetpack_publicize_message":""},"categories":[2],"tags":[],"jetpack_featured_media_url":"https:\/\/i0.wp.com\/jornaldeitaipava.com.br\/wp-content\/uploads\/2021\/02\/DINHEIRO-DIVIDAS-1.jpg?fit=767%2C465&ssl=1","jetpack_publicize_connections":[],"jetpack_sharing_enabled":true,"jetpack_likes_enabled":true,"jetpack-related-posts":[],"_links":{"self":[{"href":"https:\/\/jornaldeitaipava.com.br\/index.php\/wp-json\/wp\/v2\/posts\/50364"}],"collection":[{"href":"https:\/\/jornaldeitaipava.com.br\/index.php\/wp-json\/wp\/v2\/posts"}],"about":[{"href":"https:\/\/jornaldeitaipava.com.br\/index.php\/wp-json\/wp\/v2\/types\/post"}],"author":[{"embeddable":true,"href":"https:\/\/jornaldeitaipava.com.br\/index.php\/wp-json\/wp\/v2\/users\/1"}],"replies":[{"embeddable":true,"href":"https:\/\/jornaldeitaipava.com.br\/index.php\/wp-json\/wp\/v2\/comments?post=50364"}],"version-history":[{"count":1,"href":"https:\/\/jornaldeitaipava.com.br\/index.php\/wp-json\/wp\/v2\/posts\/50364\/revisions"}],"predecessor-version":[{"id":50365,"href":"https:\/\/jornaldeitaipava.com.br\/index.php\/wp-json\/wp\/v2\/posts\/50364\/revisions\/50365"}],"wp:featuredmedia":[{"embeddable":true,"href":"https:\/\/jornaldeitaipava.com.br\/index.php\/wp-json\/wp\/v2\/media\/10142"}],"wp:attachment":[{"href":"https:\/\/jornaldeitaipava.com.br\/index.php\/wp-json\/wp\/v2\/media?parent=50364"}],"wp:term":[{"taxonomy":"category","embeddable":true,"href":"https:\/\/jornaldeitaipava.com.br\/index.php\/wp-json\/wp\/v2\/categories?post=50364"},{"taxonomy":"post_tag","embeddable":true,"href":"https:\/\/jornaldeitaipava.com.br\/index.php\/wp-json\/wp\/v2\/tags?post=50364"}],"curies":[{"name":"wp","href":"https:\/\/api.w.org\/{rel}","templated":true}]}}