{"id":50366,"date":"2026-03-10T19:35:23","date_gmt":"2026-03-10T22:35:23","guid":{"rendered":"http:\/\/jornaldeitaipava.com.br\/?p=50366"},"modified":"2026-03-10T19:35:29","modified_gmt":"2026-03-10T22:35:29","slug":"exporio-turismo-vale-do-cafe-atrai-cerca-de-15-mil-pessoas-e-reforca-forca-do-turismo-no-interior-do-rio","status":"publish","type":"post","link":"https:\/\/jornaldeitaipava.com.br\/index.php\/2026\/03\/10\/exporio-turismo-vale-do-cafe-atrai-cerca-de-15-mil-pessoas-e-reforca-forca-do-turismo-no-interior-do-rio\/","title":{"rendered":"ExpoRio Turismo Vale do Caf\u00e9 atrai cerca de 15 mil pessoas e refor\u00e7a for\u00e7a do turismo no interior do Rio"},"content":{"rendered":"\n<p>A ExpoRio Turismo Vale do Caf\u00e9 encerrou sua edi\u00e7\u00e3o em grande estilo neste fim de semana, em Ipiabas, distrito de Barra do Pira\u00ed, consolidando-se como um dos maiores eventos de promo\u00e7\u00e3o tur\u00edstica do interior do estado. Ao longo dos tr\u00eas dias de programa\u00e7\u00e3o, cerca de 15 mil pessoas passaram pelo evento, que reuniu 300 expositores entre artes\u00e3os, produtores rurais e prestadores de servi\u00e7os, al\u00e9m de uma intensa agenda cultural e de conte\u00fado voltada ao fortalecimento do turismo regional. O evento \u00e9 uma realiza\u00e7\u00e3o da Secretaria de Estado de Turismo (Setur-RJ) e da TurisRio em parceria com a Prefeitura de Barra do Pira\u00ed.<\/p>\n\n\n\n<p>Para o secret\u00e1rio de Estado de Turismo, Gustavo Tutuca, o resultado confirma o potencial da regi\u00e3o como destino tur\u00edstico e econ\u00f4mico. \u201cA ExpoRio Turismo Vale do Caf\u00e9 mostrou a for\u00e7a do interior do estado. Tivemos milhares de visitantes, centenas de expositores e uma programa\u00e7\u00e3o rica que valoriza a cultura, a produ\u00e7\u00e3o local e o turismo. O Vale do Caf\u00e9 tem uma identidade \u00fanica e eventos como este ajudam a transformar essa voca\u00e7\u00e3o em desenvolvimento e gera\u00e7\u00e3o de oportunidades\u201d, destacou.<\/p>\n\n\n\n<p>Durante o evento, mais de 100 artistas (entre m\u00fasicos, dan\u00e7arinos e performances) passaram pelos palcos montados na estrutura da feira, com apresenta\u00e7\u00f5es que valorizaram a diversidade musical brasileira e regional. Os shows principais, com nomes de destaque da m\u00fasica nacional como Jorge Vercillo, Bar\u00e3o Vermelho e Tiee reuniram milhares de pessoas e transformaram as noites de Ipiabas em grandes celebra\u00e7\u00f5es da cultura e do entretenimento.<\/p>\n\n\n\n<p>A programa\u00e7\u00e3o tamb\u00e9m teve forte conte\u00fado t\u00e9cnico e estrat\u00e9gico. Mais de 50 palestrantes participaram dos pain\u00e9is e debates que movimentaram o espa\u00e7o de conhecimento da feira. Entre os temas abordados estiveram turismo rural, turismo de experi\u00eancia, inova\u00e7\u00e3o no turismo, qualifica\u00e7\u00e3o profissional, promo\u00e7\u00e3o de destinos, economia criativa, turismo sustent\u00e1vel e estrat\u00e9gias de marketing digital para o setor. Os encontros reuniram especialistas, gestores p\u00fablicos, empreendedores e profissionais da \u00e1rea, promovendo troca de experi\u00eancias e novas perspectivas para o desenvolvimento tur\u00edstico do estado.<\/p>\n\n\n\n<p>A feira tamb\u00e9m foi uma vitrine para os produtos e saberes do interior fluminense. Artesanato, gastronomia, caf\u00e9s especiais, queijos artesanais, doces e produtos agr\u00edcolas estiveram entre os destaques apresentados pelos expositores, fortalecendo a cadeia produtiva local e aproximando visitantes da cultura e da tradi\u00e7\u00e3o do Vale do Caf\u00e9.<\/p>\n\n\n\n<p>Para a prefeita de Barra do Pira\u00ed, Katia Miki, o evento representou um momento importante para o munic\u00edpio e para toda a regi\u00e3o. \u201cReceber a ExpoRio Turismo em Ipiabas foi uma grande honra para Barra do Pira\u00ed. O evento movimentou a economia local, valorizou nossos produtores, artes\u00e3os e artistas, al\u00e9m de apresentar para milhares de pessoas as belezas e potencialidades do nosso munic\u00edpio e do Vale do Caf\u00e9\u201d, afirmou.<\/p>\n\n\n\n<p>Com grande p\u00fablico, programa\u00e7\u00e3o diversificada e forte participa\u00e7\u00e3o de expositores e especialistas do setor, a ExpoRio Turismo Vale do Caf\u00e9 reafirmou o papel do turismo como motor de desenvolvimento regional e deixou um legado positivo para o fortalecimento do interior do estado do Rio de Janeiro.<\/p>\n","protected":false},"excerpt":{"rendered":"<p>A ExpoRio Turismo Vale do Caf\u00e9 encerrou sua edi\u00e7\u00e3o em grande estilo neste fim de<\/p>\n","protected":false},"author":1,"featured_media":50367,"comment_status":"closed","ping_status":"open","sticky":false,"template":"","format":"standard","meta":{"spay_email":"","footnotes":"","jetpack_publicize_message":""},"categories":[42],"tags":[],"jetpack_featured_media_url":"https:\/\/i0.wp.com\/jornaldeitaipava.com.br\/wp-content\/uploads\/2026\/03\/Mais-de-300-artesaos-participaram-do-evento_Credito-Ascom-Setur-RJ.jpeg?fit=1600%2C1066&ssl=1","jetpack_publicize_connections":[],"jetpack_sharing_enabled":true,"jetpack_likes_enabled":true,"jetpack-related-posts":[],"_links":{"self":[{"href":"https:\/\/jornaldeitaipava.com.br\/index.php\/wp-json\/wp\/v2\/posts\/50366"}],"collection":[{"href":"https:\/\/jornaldeitaipava.com.br\/index.php\/wp-json\/wp\/v2\/posts"}],"about":[{"href":"https:\/\/jornaldeitaipava.com.br\/index.php\/wp-json\/wp\/v2\/types\/post"}],"author":[{"embeddable":true,"href":"https:\/\/jornaldeitaipava.com.br\/index.php\/wp-json\/wp\/v2\/users\/1"}],"replies":[{"embeddable":true,"href":"https:\/\/jornaldeitaipava.com.br\/index.php\/wp-json\/wp\/v2\/comments?post=50366"}],"version-history":[{"count":1,"href":"https:\/\/jornaldeitaipava.com.br\/index.php\/wp-json\/wp\/v2\/posts\/50366\/revisions"}],"predecessor-version":[{"id":50368,"href":"https:\/\/jornaldeitaipava.com.br\/index.php\/wp-json\/wp\/v2\/posts\/50366\/revisions\/50368"}],"wp:featuredmedia":[{"embeddable":true,"href":"https:\/\/jornaldeitaipava.com.br\/index.php\/wp-json\/wp\/v2\/media\/50367"}],"wp:attachment":[{"href":"https:\/\/jornaldeitaipava.com.br\/index.php\/wp-json\/wp\/v2\/media?parent=50366"}],"wp:term":[{"taxonomy":"category","embeddable":true,"href":"https:\/\/jornaldeitaipava.com.br\/index.php\/wp-json\/wp\/v2\/categories?post=50366"},{"taxonomy":"post_tag","embeddable":true,"href":"https:\/\/jornaldeitaipava.com.br\/index.php\/wp-json\/wp\/v2\/tags?post=50366"}],"curies":[{"name":"wp","href":"https:\/\/api.w.org\/{rel}","templated":true}]}}