{"id":50369,"date":"2026-03-10T19:36:38","date_gmt":"2026-03-10T22:36:38","guid":{"rendered":"http:\/\/jornaldeitaipava.com.br\/?p=50369"},"modified":"2026-03-10T19:36:47","modified_gmt":"2026-03-10T22:36:47","slug":"escola-de-musica-santa-cecilia-abre-inscricoes-para-o-projeto-musica-classica-para-todos-com-60-vagas-e-bolsas-integrais","status":"publish","type":"post","link":"https:\/\/jornaldeitaipava.com.br\/index.php\/2026\/03\/10\/escola-de-musica-santa-cecilia-abre-inscricoes-para-o-projeto-musica-classica-para-todos-com-60-vagas-e-bolsas-integrais\/","title":{"rendered":"Escola de M\u00fasica Santa Cec\u00edlia abre inscri\u00e7\u00f5es para o projeto \u201cM\u00fasica Cl\u00e1ssica para Todos\u201d com 60 vagas e bolsas integrais"},"content":{"rendered":"\n<p>Iniciativa viabilizada pela Lei de Incentivo \u00e0 Cultura, com patroc\u00ednio majorit\u00e1rio da GE Aerospace, amplia o acesso gratuito ao ensino de m\u00fasica cl\u00e1ssica e prev\u00ea concertos did\u00e1ticos e impacto direto em mais mil pessoas ao longo de 6 meses<\/p>\n\n\n\n<p>A tradicional&nbsp;<strong>Escola de M\u00fasica Santa Cec\u00edlia<\/strong>&nbsp;est\u00e1 com inscri\u00e7\u00f5es abertas para o projeto&nbsp;<strong>\u201cM\u00fasica Cl\u00e1ssica para Todos\u201d<\/strong>, iniciativa que reafirma o compromisso hist\u00f3rico da institui\u00e7\u00e3o com a democratiza\u00e7\u00e3o do ensino art\u00edstico e a forma\u00e7\u00e3o cidad\u00e3 por meio da m\u00fasica. O projeto \u00e9 realizado pela pr\u00f3pria escola e conta com aporte do Governo Federal do Brasil, por meio do Minist\u00e9rio da Cultura, via Lei de Incentivo \u00e0 Cultura (Lei Rouanet), sendo patrocinado com 75% por recursos da GE Aerospace e 25% provenientes de pessoas f\u00edsicas que destinaram parte do Imposto de Renda a projetos culturais, conforme autoriza\u00e7\u00e3o legal.<\/p>\n\n\n\n<p>Ao todo, ser\u00e3o oferecidas&nbsp;<strong>60 vagas<\/strong>&nbsp;para crian\u00e7as e adolescentes com idades entre&nbsp;<strong>7 e 17 anos<\/strong>. Destas,&nbsp;<strong>30<\/strong>&nbsp;s\u00e3o&nbsp;<strong>bolsas integrais<\/strong>&nbsp;destinadas prioritariamente a estudantes da&nbsp;<strong>rede p\u00fablica de ensino<\/strong>, incluindo aux\u00edlio para alimenta\u00e7\u00e3o e deslocamento. Outras&nbsp;<strong>15 vagas<\/strong>&nbsp;ser\u00e3o ofertadas com pagamento de&nbsp;<strong>50%<\/strong>&nbsp;do valor e&nbsp;<strong>15<\/strong>&nbsp;na&nbsp;<strong>modalidade integral paga<\/strong>. A proposta contempla&nbsp;<strong>aulas de violino, violoncelo, canto e piano<\/strong>. Al\u00e9m do instrumento escolhido, todos os alunos ter\u00e3o forma\u00e7\u00e3o complementar em&nbsp;<strong>teoria musical e coral<\/strong>, compondo um percurso pedag\u00f3gico estruturado e abrangente.<\/p>\n\n\n\n<p>As&nbsp;<strong>inscri\u00e7\u00f5es<\/strong>&nbsp;ser\u00e3o realizadas presencialmente de&nbsp;<strong>9 a 12 de mar\u00e7o<\/strong>, na secretaria da Escola de M\u00fasica Santa Cec\u00edlia. Os interessados devem comparecer munidos de&nbsp;<strong>RG, CPF e comprovante de resid\u00eancia<\/strong>. No caso dos candidatos \u00e0s bolsas integrais destinadas a estudantes da rede p\u00fablica, \u00e9 obrigat\u00f3ria a apresenta\u00e7\u00e3o de&nbsp;<strong>declara\u00e7\u00e3o de matr\u00edcula escolar<\/strong>. As fichas de inscri\u00e7\u00e3o ser\u00e3o preenchidas no local, e os candidatos passar\u00e3o por processo de sele\u00e7\u00e3o conduzido pela dire\u00e7\u00e3o do projeto. A lista dos selecionados ser\u00e1 posteriormente divulgada nas m\u00eddias digitais da escola e tamb\u00e9m encaminhada \u00e0 imprensa local.<\/p>\n\n\n\n<p>O diretor art\u00edstico e diretor de ensino Ricardo Satyrov, acredita que o ensino gratuito de instrumentos musicais de orquestra e a m\u00fasica cl\u00e1ssica s\u00e3o o movimento de maior transforma\u00e7\u00e3o social que podemos observar nos \u00faltimos tempos no Brasil. \u201cProjetos de ensino de instrumentos musicais de orquestra est\u00e3o com muita for\u00e7a descomunal no pa\u00eds e temos grandes exemplos como o Projeto Neogiba na Bahia e a Orquestra de Heli\u00f3polis do Instituto Baccarelli em S\u00e3o Paulo. A transforma\u00e7\u00e3o social ocorre quando o objeto transformador \u00e9 oferecido aqueles que pelos pr\u00f3prios meios n\u00e3o poderiam ter acesso\u201d, pontuou.<\/p>\n\n\n\n<p>Com car\u00e1ter estruturante, o projeto prev\u00ea a execu\u00e7\u00e3o de um plano de atividades ao longo de 6 meses, contemplando a manuten\u00e7\u00e3o da institui\u00e7\u00e3o, a concess\u00e3o de 30 bolsas integrais com aux\u00edlio, 30 bolsas parciais e integrais pagas, a aquisi\u00e7\u00e3o de instrumentos musicais e a realiza\u00e7\u00e3o de apresenta\u00e7\u00f5es no audit\u00f3rio da pr\u00f3pria escola, retomando a tradi\u00e7\u00e3o dos concertos de m\u00fasica cl\u00e1ssica que marcaram a hist\u00f3ria cultural da cidade.<\/p>\n\n\n\n<p>O impacto social estimado \u00e9 expressivo. S\u00e3o 60 benefici\u00e1rios diretos e a expectativa \u00e9 alcan\u00e7ar cerca de 500 pessoas diretamente e um p\u00fablico aproximado de 1 mil pessoas ao longo das apresenta\u00e7\u00f5es e atividades abertas.<\/p>\n\n\n\n<p>Para a diretora geral do projeto e presidente volunt\u00e1ria da Escola de M\u00fasica Santa Cec\u00edlia, Janine Meireles, a iniciativa representa um marco para a institui\u00e7\u00e3o. \u201cA Escola de M\u00fasica Santa Cec\u00edlia \u00e9 uma institui\u00e7\u00e3o tradicional, constru\u00edda ao longo de mais de 130 aos com muito compromisso com a educa\u00e7\u00e3o musical e com a cultura. Poder executar um projeto dessa dimens\u00e3o, que amplia o acesso e garante bolsas integrais para estudantes da rede p\u00fablica, \u00e9 motivo de imensa alegria e responsabilidade para todos n\u00f3s\u201d, afirma.<\/p>\n\n\n\n<p>Segundo ela, o projeto reafirma a voca\u00e7\u00e3o social da escola. \u201cSomos uma institui\u00e7\u00e3o filantr\u00f3pica e sempre acreditamos que a m\u00fasica cl\u00e1ssica deve ser acess\u00edvel a todos. Ver crian\u00e7as e adolescentes que talvez nunca tivessem condi\u00e7\u00f5es financeiras de estudar um instrumento ingressando na escola, com aulas de qualidade, teoria musical e participa\u00e7\u00e3o em coral, \u00e9 a concretiza\u00e7\u00e3o de um sonho coletivo\u201d, destaca.<\/p>\n\n\n\n<p>Janine tamb\u00e9m ressalta o potencial transformador da iniciativa. \u201cQuando falamos em forma\u00e7\u00e3o musical, n\u00e3o estamos tratando apenas de arte, mas de disciplina, sensibilidade, autoestima e perspectiva de futuro. A retomada dos concertos fortalece n\u00e3o s\u00f3 a trajet\u00f3ria dos alunos, mas tamb\u00e9m a vida cultural da cidade. \u00c9 um projeto que transforma hist\u00f3rias individuais e impacta toda a comunidade.\u201d.<\/p>\n\n\n\n<p>Os objetivos do projeto&nbsp;<strong>\u201cM\u00fasica Cl\u00e1ssica para Todos\u201d&nbsp;<\/strong>v\u00e3o al\u00e9m da forma\u00e7\u00e3o art\u00edstica. O projeto pretende proporcionar aprendizado musical qualificado a crian\u00e7as e adolescentes de baixa renda, promovendo inclus\u00e3o social e criando oportunidades concretas de futuro profissional. Ao mesmo tempo, busca reduzir desigualdades nas esferas da arte, cultura, educa\u00e7\u00e3o e cidadania, al\u00e9m de assegurar a continuidade da escola no atendimento a todas as classes sociais.<\/p>\n\n\n\n<p>Ao possibilitar que fam\u00edlias de baixa renda vislumbrem a oportunidade de ter um filho inserido em um projeto de forma\u00e7\u00e3o musical estruturado, a&nbsp;<strong>Escola de M\u00fasica Santa Cec\u00edlia<\/strong>&nbsp;consolida um movimento de transforma\u00e7\u00e3o que ultrapassa os limites da sala de aula e alcan\u00e7a a comunidade como um todo, reafirmando sua relev\u00e2ncia hist\u00f3rica e social.<\/p>\n\n\n\n<p>Mais informa\u00e7\u00f5es podem ser obtidas de segunda a sexta-feira, das 8h \u00e0s 20h, na sede da Escola de M\u00fasica Santa Cec\u00edlia, localizada na Rua General Os\u00f3rio, 192, Centro de Petr\u00f3polis, pelo telefone e WhatsApp (24) 2242-2191 ou pelas redes sociais @emusicasantacecilia (Instagram) e @santaceciliapetropolis (Facebook).<\/p>\n\n\n\n<p><strong>SERVI\u00c7O<\/strong><\/p>\n\n\n\n<p><strong>Escola de M\u00fasica Santa Cec\u00edlia<\/strong><\/p>\n\n\n\n<p>Rua General Os\u00f3rio, 192<\/p>\n\n\n\n<p>(25620-160) Centro, Petr\u00f3polis \u2013 RJ<\/p>\n\n\n\n<p>Google Maps:&nbsp;<a href=\"https:\/\/goo.gl\/maps\/y3euNmLBzsfcwtXv8\" target=\"_blank\" rel=\"noreferrer noopener\">https:\/\/goo.gl\/maps\/y3euNmLBzsfcwtXv8<\/a>&nbsp;<\/p>\n\n\n\n<p>Telefone\/ Whatsapp: (24) 2242-2191<\/p>\n","protected":false},"excerpt":{"rendered":"<p>Iniciativa viabilizada pela Lei de Incentivo \u00e0 Cultura, com patroc\u00ednio majorit\u00e1rio da GE Aerospace, amplia<\/p>\n","protected":false},"author":1,"featured_media":30148,"comment_status":"closed","ping_status":"open","sticky":false,"template":"","format":"standard","meta":{"spay_email":"","footnotes":"","jetpack_publicize_message":""},"categories":[9],"tags":[],"jetpack_featured_media_url":"https:\/\/i2.wp.com\/jornaldeitaipava.com.br\/wp-content\/uploads\/2022\/07\/SANTA-CECILIA.jpg?fit=283%2C178&ssl=1","jetpack_publicize_connections":[],"jetpack_sharing_enabled":true,"jetpack_likes_enabled":true,"jetpack-related-posts":[],"_links":{"self":[{"href":"https:\/\/jornaldeitaipava.com.br\/index.php\/wp-json\/wp\/v2\/posts\/50369"}],"collection":[{"href":"https:\/\/jornaldeitaipava.com.br\/index.php\/wp-json\/wp\/v2\/posts"}],"about":[{"href":"https:\/\/jornaldeitaipava.com.br\/index.php\/wp-json\/wp\/v2\/types\/post"}],"author":[{"embeddable":true,"href":"https:\/\/jornaldeitaipava.com.br\/index.php\/wp-json\/wp\/v2\/users\/1"}],"replies":[{"embeddable":true,"href":"https:\/\/jornaldeitaipava.com.br\/index.php\/wp-json\/wp\/v2\/comments?post=50369"}],"version-history":[{"count":1,"href":"https:\/\/jornaldeitaipava.com.br\/index.php\/wp-json\/wp\/v2\/posts\/50369\/revisions"}],"predecessor-version":[{"id":50370,"href":"https:\/\/jornaldeitaipava.com.br\/index.php\/wp-json\/wp\/v2\/posts\/50369\/revisions\/50370"}],"wp:featuredmedia":[{"embeddable":true,"href":"https:\/\/jornaldeitaipava.com.br\/index.php\/wp-json\/wp\/v2\/media\/30148"}],"wp:attachment":[{"href":"https:\/\/jornaldeitaipava.com.br\/index.php\/wp-json\/wp\/v2\/media?parent=50369"}],"wp:term":[{"taxonomy":"category","embeddable":true,"href":"https:\/\/jornaldeitaipava.com.br\/index.php\/wp-json\/wp\/v2\/categories?post=50369"},{"taxonomy":"post_tag","embeddable":true,"href":"https:\/\/jornaldeitaipava.com.br\/index.php\/wp-json\/wp\/v2\/tags?post=50369"}],"curies":[{"name":"wp","href":"https:\/\/api.w.org\/{rel}","templated":true}]}}