{"id":50374,"date":"2026-03-10T19:42:48","date_gmt":"2026-03-10T22:42:48","guid":{"rendered":"http:\/\/jornaldeitaipava.com.br\/?p=50374"},"modified":"2026-03-10T19:42:57","modified_gmt":"2026-03-10T22:42:57","slug":"mprj-ajuiza-duas-acoes-civis-publicas-para-garantir-estrutura-da-politica-de-infancia-e-combater-trabalho-infantil-em-nova-friburgo","status":"publish","type":"post","link":"https:\/\/jornaldeitaipava.com.br\/index.php\/2026\/03\/10\/mprj-ajuiza-duas-acoes-civis-publicas-para-garantir-estrutura-da-politica-de-infancia-e-combater-trabalho-infantil-em-nova-friburgo\/","title":{"rendered":"MPRJ aju\u00edza duas a\u00e7\u00f5es civis p\u00fablicas para garantir estrutura da pol\u00edtica de inf\u00e2ncia e combater trabalho infantil em Nova Friburgo"},"content":{"rendered":"\n<p>O Minist\u00e9rio P\u00fablico do Estado do Rio de Janeiro (MPRJ), por meio da Promotoria de Justi\u00e7a da Inf\u00e2ncia e Juventude de Nova Friburgo, ajuizou duas a\u00e7\u00f5es civis p\u00fablicas contra o munic\u00edpio de Nova Friburgo para exigir a regulariza\u00e7\u00e3o da pol\u00edtica municipal de prote\u00e7\u00e3o \u00e0 inf\u00e2ncia. As medidas tratam, respectivamente, da aus\u00eancia de planejamento institucional da pol\u00edtica de direitos da crian\u00e7a e do adolescente, e da falta de estrutura de enfrentamento ao trabalho infantil no munic\u00edpio.<\/p>\n\n\n\n<p>Uma das a\u00e7\u00f5es aponta que, desde a edi\u00e7\u00e3o da Lei Municipal n\u00ba 4.684\/2019, o Conselho Municipal dos Direitos da Crian\u00e7a e do Adolescente (CMDCA) e a Administra\u00e7\u00e3o P\u00fablica municipal n\u00e3o conclu\u00edram \u2013 nem comprovaram documentalmente \u2013 a elabora\u00e7\u00e3o do Diagn\u00f3stico Socioterritorial, do Plano de A\u00e7\u00e3o e do Plano de Aplica\u00e7\u00e3o, essenciais para o uso regular e transparente dos recursos do Fundo Municipal dos Direitos da Crian\u00e7a e do Adolescente (FMDCA).<\/p>\n\n\n\n<p>Diversas requisi\u00e7\u00f5es ministeriais, expedidas desde 2022, n\u00e3o foram atendidas de forma satisfat\u00f3ria, resultando em aus\u00eancia de atas, delibera\u00e7\u00f5es, listas de presen\u00e7a e documentos b\u00e1sicos de governan\u00e7a do colegiado. Para o MPRJ, a omiss\u00e3o prolongada compromete a defini\u00e7\u00e3o de prioridades, metas e a\u00e7\u00f5es, al\u00e9m de impedir o adequado planejamento e controle das pol\u00edticas p\u00fablicas destinadas ao p\u00fablico infantojuvenil. O MPRJ requer, em car\u00e1ter de urg\u00eancia, que o munic\u00edpio seja obrigado a apresentar um Plano de Execu\u00e7\u00e3o contendo cronograma, metas e entregas das etapas necess\u00e1rias \u00e0 regulariza\u00e7\u00e3o da pol\u00edtica municipal.<\/p>\n\n\n\n<p>Na outra a\u00e7\u00e3o, o MPRJ aponta que, em 2021, foi instaurado um procedimento administrativo para acompanhar medidas municipais voltadas \u00e0 preven\u00e7\u00e3o e erradica\u00e7\u00e3o do trabalho infantil. Entretanto, ap\u00f3s reiteradas requisi\u00e7\u00f5es e tentativas de di\u00e1logo com o Executivo municipal e com o Conselho Municipal dos Direitos da Crian\u00e7a e Adolescente (CMDCA NF), nenhum avan\u00e7o material relevante foi comprovado. Entre 2021 e 2026, o munic\u00edpio n\u00e3o apresentou plano, protocolo, metas, cronograma, indicadores ou a\u00e7\u00f5es concretas voltadas ao combate do trabalho infantil \u2014 descumprindo obriga\u00e7\u00f5es legais e constitucionais relacionadas \u00e0 prote\u00e7\u00e3o integral de crian\u00e7as e adolescentes.<\/p>\n\n\n\n<p>Para o MPRJ, a aus\u00eancia de governan\u00e7a e planejamento afeta diretamente o cotidiano das crian\u00e7as e adolescentes expostos ao trabalho infantil. Diante do risco de agravamento cont\u00ednuo da viola\u00e7\u00e3o de direitos, o MPRJ requer tutela de urg\u00eancia determinando que o munic\u00edpio adote um arranjo m\u00ednimo e progressivo de enfrentamento ao trabalho infantil, incluindo a elabora\u00e7\u00e3o de planejamento e governan\u00e7a espec\u00edficos, cria\u00e7\u00e3o de fluxo intersetorial entre assist\u00eancia social, educa\u00e7\u00e3o e sa\u00fade, al\u00e9m da demonstra\u00e7\u00e3o de oferta adequada dos servi\u00e7os tipificados pela pol\u00edtica nacional.<\/p>\n\n\n\n<p>Nas duas a\u00e7\u00f5es, o Minist\u00e9rio P\u00fablico manifestou interesse na realiza\u00e7\u00e3o de audi\u00eancia de concilia\u00e7\u00e3o, na qual poder\u00e1 ser discutida eventual composi\u00e7\u00e3o ou compromisso de ajustamento de conduta. As a\u00e7\u00f5es foram distribu\u00eddas \u00e0 1\u00aa Vara de Fam\u00edlia, Inf\u00e2ncia, Juventude e Idoso da Comarca de Nova Friburgo.<\/p>\n","protected":false},"excerpt":{"rendered":"<p>O Minist\u00e9rio P\u00fablico do Estado do Rio de Janeiro (MPRJ), por meio da Promotoria de<\/p>\n","protected":false},"author":1,"featured_media":18387,"comment_status":"closed","ping_status":"open","sticky":false,"template":"","format":"standard","meta":{"spay_email":"","footnotes":"","jetpack_publicize_message":""},"categories":[5],"tags":[],"jetpack_featured_media_url":"https:\/\/i2.wp.com\/jornaldeitaipava.com.br\/wp-content\/uploads\/2021\/08\/MPRJ-2.png?fit=921%2C523&ssl=1","jetpack_publicize_connections":[],"jetpack_sharing_enabled":true,"jetpack_likes_enabled":true,"jetpack-related-posts":[],"_links":{"self":[{"href":"https:\/\/jornaldeitaipava.com.br\/index.php\/wp-json\/wp\/v2\/posts\/50374"}],"collection":[{"href":"https:\/\/jornaldeitaipava.com.br\/index.php\/wp-json\/wp\/v2\/posts"}],"about":[{"href":"https:\/\/jornaldeitaipava.com.br\/index.php\/wp-json\/wp\/v2\/types\/post"}],"author":[{"embeddable":true,"href":"https:\/\/jornaldeitaipava.com.br\/index.php\/wp-json\/wp\/v2\/users\/1"}],"replies":[{"embeddable":true,"href":"https:\/\/jornaldeitaipava.com.br\/index.php\/wp-json\/wp\/v2\/comments?post=50374"}],"version-history":[{"count":1,"href":"https:\/\/jornaldeitaipava.com.br\/index.php\/wp-json\/wp\/v2\/posts\/50374\/revisions"}],"predecessor-version":[{"id":50375,"href":"https:\/\/jornaldeitaipava.com.br\/index.php\/wp-json\/wp\/v2\/posts\/50374\/revisions\/50375"}],"wp:featuredmedia":[{"embeddable":true,"href":"https:\/\/jornaldeitaipava.com.br\/index.php\/wp-json\/wp\/v2\/media\/18387"}],"wp:attachment":[{"href":"https:\/\/jornaldeitaipava.com.br\/index.php\/wp-json\/wp\/v2\/media?parent=50374"}],"wp:term":[{"taxonomy":"category","embeddable":true,"href":"https:\/\/jornaldeitaipava.com.br\/index.php\/wp-json\/wp\/v2\/categories?post=50374"},{"taxonomy":"post_tag","embeddable":true,"href":"https:\/\/jornaldeitaipava.com.br\/index.php\/wp-json\/wp\/v2\/tags?post=50374"}],"curies":[{"name":"wp","href":"https:\/\/api.w.org\/{rel}","templated":true}]}}