{"id":50376,"date":"2026-03-10T19:47:11","date_gmt":"2026-03-10T22:47:11","guid":{"rendered":"http:\/\/jornaldeitaipava.com.br\/?p=50376"},"modified":"2026-03-10T19:47:15","modified_gmt":"2026-03-10T22:47:15","slug":"prefeitura-promove-palestra-sobre-empreendedorismo-para-mulheres-atendidas-pelo-cras","status":"publish","type":"post","link":"https:\/\/jornaldeitaipava.com.br\/index.php\/2026\/03\/10\/prefeitura-promove-palestra-sobre-empreendedorismo-para-mulheres-atendidas-pelo-cras\/","title":{"rendered":"Prefeitura promove palestra sobre empreendedorismo para mulheres atendidas pelo Cras"},"content":{"rendered":"\n<p>A Prefeitura promoveu nesta ter\u00e7a-feira (10\/03) uma palestra voltada para mulheres atendidas pelo Centro de Refer\u00eancia de Assist\u00eancia Social do Centro. O encontro faz parte do M\u00eas da Mulher, que vai contar com diversas atividades realizadas pela Secretaria de Assist\u00eancia Social em unidades diferentes unidades de Cras.<\/p>\n\n\n\n<p>&#8220;Queremos oferecer o cuidado com toda a popula\u00e7\u00e3o, em especial com as mulheres, e dar a elas todas as condi\u00e7\u00f5es de progredir na nossa cidade. Temos buscado formular pol\u00edticas especialmente focadas em prote\u00e7\u00e3o, direitos e oportunidades para todas&#8221;, destacou o prefeito Hingo Hammes.<\/p>\n\n\n\n<p>A palestra foi ministrada pela mentora de l\u00edderes de sucesso, Milena Moura. Ela falou sobre empreendedorismo para cerca de 20 mulheres, destacando a trajet\u00f3ria dela, desde o in\u00edcio como camel\u00f4 junto ao pai quando era mais jovem at\u00e9 os dias de hoje, como empres\u00e1ria e diretora do grupo RM, que re\u00fane seis empresas na cidade. No encontro, ela destacou uma das li\u00e7\u00f5es mais importantes do empreendedorismo: gerar valores aos produtos ou servi\u00e7os.<\/p>\n\n\n\n<p>&#8220;O que precisamos \u00e9 aprender que antes do produto, precisamos gerar valor. N\u00e3o \u00e9 apenas vender um doce, \u00e9 tornar o dia do cliente mais doce. N\u00e3o \u00e9 apenas fazer a sobrancelha, \u00e9 elevar a autoestima da cliente&#8221;, disse Milena. A mentora tamb\u00e9m destacou que cada mulher \u00e9 l\u00edder, n\u00e3o apenas quando est\u00e1 \u00e0 frente de uma equipe. &#8220;Tudo que quiserem, voc\u00eas conseguem. Voc\u00ea \u00e9 l\u00edder das suas atitudes e das suas vontades. Lideran\u00e7a n\u00e3o \u00e9 apenas estar \u00e0 frente de uma equipe, \u00e9 sobre n\u00f3s, cada uma de n\u00f3s \u00e9 uma l\u00edder, voc\u00eas s\u00e3o l\u00edderes de suas vidas&#8221;, afirmou.<\/p>\n\n\n\n<p>Milena Moura ainda destacou que, para um empreendimento de sucesso, \u00e9 fundamental ter: &#8220;dom\u00ednio&#8221; (conhecimento seguro e absoluto sobre algo); controle do &#8220;ego&#8221; (um limitador para qualquer pessoa); &#8220;sucesso&#8221;, que precisa ser cuidado constantemente; e &#8220;princ\u00edpios&#8221; (que n\u00e3o devem ser quebrados nunca, tanto na vida pessoal quanto nos neg\u00f3cios).<\/p>\n\n\n\n<p>At\u00e9 sexta-feira (13\/03), a Secretaria de Assist\u00eancia Social vai promover um circuito de palestras e atividades para o p\u00fablico feminino. As a\u00e7\u00f5es ser\u00e3o realizadas dentro do Servi\u00e7o de Conviv\u00eancia e Fortalecimento de V\u00ednculos (SCFV), e vai passar ainda pelos Cras de Corr\u00eaas, Itaipava, Madame Machado e Posse.<\/p>\n\n\n\n<p>&#8220;Essa \u00e9 uma semana especialmente voltada para celebrar e reconhecer a for\u00e7a mulheres. Nossa miss\u00e3o \u00e9 estar ao lado de cada uma, cuidando delas, garantindo direitos, fortalecendo v\u00ednculos e promovendo a autonomia para elas&#8221;, afirmou o secret\u00e1rio de Assist\u00eancia Social, Wesley Barreto.<\/p>\n","protected":false},"excerpt":{"rendered":"<p>A Prefeitura promoveu nesta ter\u00e7a-feira (10\/03) uma palestra voltada para mulheres atendidas pelo Centro de<\/p>\n","protected":false},"author":1,"featured_media":50377,"comment_status":"closed","ping_status":"open","sticky":false,"template":"","format":"standard","meta":{"spay_email":"","footnotes":"","jetpack_publicize_message":""},"categories":[2],"tags":[],"jetpack_featured_media_url":"https:\/\/i0.wp.com\/jornaldeitaipava.com.br\/wp-content\/uploads\/2026\/03\/WhatsApp-Image-2026-03-10-at-18.15.25.jpeg?fit=1280%2C720&ssl=1","jetpack_publicize_connections":[],"jetpack_sharing_enabled":true,"jetpack_likes_enabled":true,"jetpack-related-posts":[],"_links":{"self":[{"href":"https:\/\/jornaldeitaipava.com.br\/index.php\/wp-json\/wp\/v2\/posts\/50376"}],"collection":[{"href":"https:\/\/jornaldeitaipava.com.br\/index.php\/wp-json\/wp\/v2\/posts"}],"about":[{"href":"https:\/\/jornaldeitaipava.com.br\/index.php\/wp-json\/wp\/v2\/types\/post"}],"author":[{"embeddable":true,"href":"https:\/\/jornaldeitaipava.com.br\/index.php\/wp-json\/wp\/v2\/users\/1"}],"replies":[{"embeddable":true,"href":"https:\/\/jornaldeitaipava.com.br\/index.php\/wp-json\/wp\/v2\/comments?post=50376"}],"version-history":[{"count":1,"href":"https:\/\/jornaldeitaipava.com.br\/index.php\/wp-json\/wp\/v2\/posts\/50376\/revisions"}],"predecessor-version":[{"id":50378,"href":"https:\/\/jornaldeitaipava.com.br\/index.php\/wp-json\/wp\/v2\/posts\/50376\/revisions\/50378"}],"wp:featuredmedia":[{"embeddable":true,"href":"https:\/\/jornaldeitaipava.com.br\/index.php\/wp-json\/wp\/v2\/media\/50377"}],"wp:attachment":[{"href":"https:\/\/jornaldeitaipava.com.br\/index.php\/wp-json\/wp\/v2\/media?parent=50376"}],"wp:term":[{"taxonomy":"category","embeddable":true,"href":"https:\/\/jornaldeitaipava.com.br\/index.php\/wp-json\/wp\/v2\/categories?post=50376"},{"taxonomy":"post_tag","embeddable":true,"href":"https:\/\/jornaldeitaipava.com.br\/index.php\/wp-json\/wp\/v2\/tags?post=50376"}],"curies":[{"name":"wp","href":"https:\/\/api.w.org\/{rel}","templated":true}]}}