{"id":50379,"date":"2026-03-10T19:48:22","date_gmt":"2026-03-10T22:48:22","guid":{"rendered":"http:\/\/jornaldeitaipava.com.br\/?p=50379"},"modified":"2026-03-10T19:48:26","modified_gmt":"2026-03-10T22:48:26","slug":"mutirao-da-divida-zero-rj-estara-em-petropolis-com-atendimento-para-renegociar-dividas","status":"publish","type":"post","link":"https:\/\/jornaldeitaipava.com.br\/index.php\/2026\/03\/10\/mutirao-da-divida-zero-rj-estara-em-petropolis-com-atendimento-para-renegociar-dividas\/","title":{"rendered":"Mutir\u00e3o da D\u00edvida Zero RJ estar\u00e1 em Petr\u00f3polis com atendimento para renegociar d\u00edvidas"},"content":{"rendered":"\n<p>Petr\u00f3polis vai participar nos dias 11 e 12 de mar\u00e7o, do Mutir\u00e3o da D\u00edvida Zero RJ, a\u00e7\u00e3o que tem como objetivo promover renegocia\u00e7\u00e3o de d\u00edvidas e \u00e9 organizada pela Secretaria de Estado de Defesa do Consumidor e o Procon-RJ. O atendimento ser\u00e1 realizado, das 11h as 16h, na sede da Procon do Munic\u00edpio, situada na Rua Dr. Moreira da Fonseca, 33, Centro &#8211; Pra\u00e7a Visconde de Mau\u00e1 (Pra\u00e7a da \u00c1guia).<\/p>\n\n\n\n<p>A mobiliza\u00e7\u00e3o faz parte da programa\u00e7\u00e3o da Semana do Consumidor e acontece em diversos munic\u00edpios, entre os dias 9 a 13 de mar\u00e7o. A a\u00e7\u00e3o envolve os \u00f3rg\u00e3os de defesa do cidad\u00e3o, as institui\u00e7\u00f5es financeiras e as empresas prestadoras de servi\u00e7os, possibilitando que os moradores possam renegociar d\u00edvidas e fazer o ajuste das contas pendentes.<\/p>\n\n\n\n<p>Durante os atendimentos, consumidores ter\u00e3o contato com representantes de bancos, operadoras de telefonia, concession\u00e1rias respons\u00e1veis por \u00e1gua, energia e g\u00e1s, al\u00e9m de redes do com\u00e9rcio e institui\u00e7\u00f5es de cr\u00e9dito. As negocia\u00e7\u00f5es ocorrer\u00e3o com acompanhamento de equipes t\u00e9cnicas da Secretaria de Estado de Defesa do Consumidor e do Procon-RJ.<\/p>\n\n\n\n<p>\u201cA a\u00e7\u00e3o permite que moradores encontrem caminhos para tratar d\u00e9bitos e reorganizar o or\u00e7amento. A presen\u00e7a desse mutir\u00e3o em Petr\u00f3polis representa acesso \u00e0 orienta\u00e7\u00e3o e di\u00e1logo com empresas e institui\u00e7\u00f5es\u201d, afirmou o prefeito Hingo Hammes.<\/p>\n\n\n\n<p>Al\u00e9m do Procon municipal, a iniciativa contar\u00e1 com participa\u00e7\u00e3o da Ordem dos Advogados do Brasil (OAB), da Procuradoria-Geral do Munic\u00edpio e da Secretaria de Defesa do Consumidor do Estado, que atuar\u00e3o no suporte \u00e0s tratativas realizadas durante os dois dias de atividade.<\/p>\n\n\n\n<p>&#8220;A proposta envolve criar um espa\u00e7o onde moradores possam apresentar a situa\u00e7\u00e3o, conversar com representantes das empresas e buscar um acordo dentro das possibilidades de cada caso&#8221;, explicou o coordenador do Procon em Petr\u00f3polis, Faf\u00e1 Badia.<\/p>\n\n\n\n<p>Para participar, \u00e9 necess\u00e1rio que a pessoa seja titular do d\u00e9bito. Tamb\u00e9m ser\u00e1 obrigat\u00f3ria a apresenta\u00e7\u00e3o de documento oficial com foto no momento do atendimento. Informa\u00e7\u00f5es sobre endere\u00e7os de atendimento, hor\u00e1rios, empresas participantes e agendamento est\u00e3o dispon\u00edveis no site www.dividazerorj.com.br<\/p>\n","protected":false},"excerpt":{"rendered":"<p>Petr\u00f3polis vai participar nos dias 11 e 12 de mar\u00e7o, do Mutir\u00e3o da D\u00edvida Zero<\/p>\n","protected":false},"author":1,"featured_media":11416,"comment_status":"closed","ping_status":"open","sticky":false,"template":"","format":"standard","meta":{"spay_email":"","footnotes":"","jetpack_publicize_message":""},"categories":[24],"tags":[],"jetpack_featured_media_url":"https:\/\/i2.wp.com\/jornaldeitaipava.com.br\/wp-content\/uploads\/2021\/03\/procon-petropolis.jpg?fit=449%2C285&ssl=1","jetpack_publicize_connections":[],"jetpack_sharing_enabled":true,"jetpack_likes_enabled":true,"jetpack-related-posts":[],"_links":{"self":[{"href":"https:\/\/jornaldeitaipava.com.br\/index.php\/wp-json\/wp\/v2\/posts\/50379"}],"collection":[{"href":"https:\/\/jornaldeitaipava.com.br\/index.php\/wp-json\/wp\/v2\/posts"}],"about":[{"href":"https:\/\/jornaldeitaipava.com.br\/index.php\/wp-json\/wp\/v2\/types\/post"}],"author":[{"embeddable":true,"href":"https:\/\/jornaldeitaipava.com.br\/index.php\/wp-json\/wp\/v2\/users\/1"}],"replies":[{"embeddable":true,"href":"https:\/\/jornaldeitaipava.com.br\/index.php\/wp-json\/wp\/v2\/comments?post=50379"}],"version-history":[{"count":1,"href":"https:\/\/jornaldeitaipava.com.br\/index.php\/wp-json\/wp\/v2\/posts\/50379\/revisions"}],"predecessor-version":[{"id":50380,"href":"https:\/\/jornaldeitaipava.com.br\/index.php\/wp-json\/wp\/v2\/posts\/50379\/revisions\/50380"}],"wp:featuredmedia":[{"embeddable":true,"href":"https:\/\/jornaldeitaipava.com.br\/index.php\/wp-json\/wp\/v2\/media\/11416"}],"wp:attachment":[{"href":"https:\/\/jornaldeitaipava.com.br\/index.php\/wp-json\/wp\/v2\/media?parent=50379"}],"wp:term":[{"taxonomy":"category","embeddable":true,"href":"https:\/\/jornaldeitaipava.com.br\/index.php\/wp-json\/wp\/v2\/categories?post=50379"},{"taxonomy":"post_tag","embeddable":true,"href":"https:\/\/jornaldeitaipava.com.br\/index.php\/wp-json\/wp\/v2\/tags?post=50379"}],"curies":[{"name":"wp","href":"https:\/\/api.w.org\/{rel}","templated":true}]}}