{"id":50381,"date":"2026-03-10T19:49:40","date_gmt":"2026-03-10T22:49:40","guid":{"rendered":"http:\/\/jornaldeitaipava.com.br\/?p=50381"},"modified":"2026-03-10T19:49:44","modified_gmt":"2026-03-10T22:49:44","slug":"prefeitura-inaugura-unidade-basica-de-saude-no-bingen","status":"publish","type":"post","link":"https:\/\/jornaldeitaipava.com.br\/index.php\/2026\/03\/10\/prefeitura-inaugura-unidade-basica-de-saude-no-bingen\/","title":{"rendered":"Prefeitura inaugura Unidade B\u00e1sica de Sa\u00fade no Bingen"},"content":{"rendered":"\n<p>A Prefeitura inaugurou nesta ter\u00e7a-feira (10\/03) a primeira Unidade B\u00e1sica de Sa\u00fade (UBS) do Bingen. A unidade recebeu o nome de Miralda Justen Cabral da Ponte.<\/p>\n\n\n\n<p>Com 660m\u00b2 de \u00e1rea constru\u00edda, \u00e9 uma das maiores unidades b\u00e1sicas de sa\u00fade da rede do munic\u00edpio. A UBS tem tr\u00eas equipes de Estrat\u00e9gia de Sa\u00fade da Fam\u00edlia (ESF) que v\u00e3o percorrer todo o territ\u00f3rio.<\/p>\n\n\n\n<p>\u201c\u00c9 uma demanda antiga da comunidade que vai ajudar muito os moradores. Fico feliz por concluir essa obra. Em breve vamos inaugurar outras duas unidades na cidade para ampliar ainda mais a cobertura de sa\u00fade do nosso munic\u00edpio\u201d, destacou o prefeito Hingo Hammes.<\/p>\n\n\n\n<p>A UBS tem 11 consult\u00f3rios (m\u00e9dico, odontol\u00f3gico, ginecol\u00f3gico e e-Multi), recep\u00e7\u00e3o, farm\u00e1cia, almoxarifado, dois vesti\u00e1rios, copa e salas de curativo, medica\u00e7\u00e3o, vacina, para agentes de sa\u00fade, al\u00e9m de sala de reuni\u00e3o e educa\u00e7\u00e3o em sa\u00fade. A unidade conta com profissionais de sa\u00fade, entre m\u00e9dicos, dentistas, enfermeiros, t\u00e9cnicos de enfermagem, agentes comunit\u00e1rios de sa\u00fade (ACS) e equipe de recep\u00e7\u00e3o, apoio e seguran\u00e7a.<\/p>\n\n\n\n<p>\u201cSinto muito orgulho por estar entregando hoje essa unidade e, assim, estamos ampliando a cobertura de sa\u00fade dos moradores que ter\u00e3o agora uma aten\u00e7\u00e3o especial das equipes de estrat\u00e9gia de sa\u00fade da fam\u00edlia\u201d, ressaltou o Secret\u00e1rio de Sa\u00fade, Dr. Aloisio Barbosa.<\/p>\n\n\n\n<p>A solenidade foi marcada pela emo\u00e7\u00e3o com a presen\u00e7a de familiares da Dona Miralda. Ela era dona de uma farm\u00e1cia na regi\u00e3o e prestava assist\u00eancia para aos moradores que n\u00e3o tinham acesso \u00e0 sa\u00fade. \u201cPara a nossa fam\u00edlia \u00e9 um orgulho muito grande, minha av\u00f3 ajudou muitas pessoas aqui do bairro e eu agrade\u00e7o muito por essa homenagem\u201d, comentou Miguel Edmundo, neto da dona Miralda.<\/p>\n\n\n\n<p>Participaram da inaugura\u00e7\u00e3o os vereadores J\u00fanior Coruja, Thiago Damaceno, Tiago Guel e Domingos Protetor; e os secret\u00e1rios municipais Fred Proc\u00f3pio (Governo), Ros\u00e2ngela Stumpf (chefe de Gabinete e Mulher), Juliana Salvini (controladora geral), Poliana Ferrarez (Educa\u00e7\u00e3o), Wesley Barreto (Assist\u00eancia Social), Marcelo Chit\u00e3o (SSSOP), Fernanda Ferreira (Comdep), Luciano Moreira (CPTrans), Pedro Alc\u00e2ntara (Meio Ambiente), Adenilson Honorato (Cultura) e Nei Carvalho (Turismo).<\/p>\n","protected":false},"excerpt":{"rendered":"<p>A Prefeitura inaugurou nesta ter\u00e7a-feira (10\/03) a primeira Unidade B\u00e1sica de Sa\u00fade (UBS) do Bingen.<\/p>\n","protected":false},"author":1,"featured_media":50382,"comment_status":"closed","ping_status":"open","sticky":false,"template":"","format":"standard","meta":{"spay_email":"","footnotes":"","jetpack_publicize_message":""},"categories":[2],"tags":[],"jetpack_featured_media_url":"https:\/\/i2.wp.com\/jornaldeitaipava.com.br\/wp-content\/uploads\/2026\/03\/WhatsApp-Image-2026-03-10-at-16.10.55.jpeg?fit=1600%2C1066&ssl=1","jetpack_publicize_connections":[],"jetpack_sharing_enabled":true,"jetpack_likes_enabled":true,"jetpack-related-posts":[],"_links":{"self":[{"href":"https:\/\/jornaldeitaipava.com.br\/index.php\/wp-json\/wp\/v2\/posts\/50381"}],"collection":[{"href":"https:\/\/jornaldeitaipava.com.br\/index.php\/wp-json\/wp\/v2\/posts"}],"about":[{"href":"https:\/\/jornaldeitaipava.com.br\/index.php\/wp-json\/wp\/v2\/types\/post"}],"author":[{"embeddable":true,"href":"https:\/\/jornaldeitaipava.com.br\/index.php\/wp-json\/wp\/v2\/users\/1"}],"replies":[{"embeddable":true,"href":"https:\/\/jornaldeitaipava.com.br\/index.php\/wp-json\/wp\/v2\/comments?post=50381"}],"version-history":[{"count":1,"href":"https:\/\/jornaldeitaipava.com.br\/index.php\/wp-json\/wp\/v2\/posts\/50381\/revisions"}],"predecessor-version":[{"id":50383,"href":"https:\/\/jornaldeitaipava.com.br\/index.php\/wp-json\/wp\/v2\/posts\/50381\/revisions\/50383"}],"wp:featuredmedia":[{"embeddable":true,"href":"https:\/\/jornaldeitaipava.com.br\/index.php\/wp-json\/wp\/v2\/media\/50382"}],"wp:attachment":[{"href":"https:\/\/jornaldeitaipava.com.br\/index.php\/wp-json\/wp\/v2\/media?parent=50381"}],"wp:term":[{"taxonomy":"category","embeddable":true,"href":"https:\/\/jornaldeitaipava.com.br\/index.php\/wp-json\/wp\/v2\/categories?post=50381"},{"taxonomy":"post_tag","embeddable":true,"href":"https:\/\/jornaldeitaipava.com.br\/index.php\/wp-json\/wp\/v2\/tags?post=50381"}],"curies":[{"name":"wp","href":"https:\/\/api.w.org\/{rel}","templated":true}]}}