{"id":50384,"date":"2026-03-10T19:52:45","date_gmt":"2026-03-10T22:52:45","guid":{"rendered":"http:\/\/jornaldeitaipava.com.br\/?p=50384"},"modified":"2026-03-10T19:52:53","modified_gmt":"2026-03-10T22:52:53","slug":"feira-livre-do-centro-celebra-109-anos-como-patrimonio-de-petropolis","status":"publish","type":"post","link":"https:\/\/jornaldeitaipava.com.br\/index.php\/2026\/03\/10\/feira-livre-do-centro-celebra-109-anos-como-patrimonio-de-petropolis\/","title":{"rendered":"Feira Livre do Centro celebra 109 anos como patrim\u00f4nio de Petr\u00f3polis"},"content":{"rendered":"\n<p>Um dos s\u00edmbolos mais tradicionais do cotidiano petropolitano completou 109 anos de hist\u00f3ria. A Feira Livre do Centro, inaugurada em 17 de fevereiro de 1917, celebrou mais um anivers\u00e1rio com um caf\u00e9 da manh\u00e3 especial e o tradicional corte do bolo na Rua Souza Franco, reunindo feirantes, clientes e autoridades municipais e estaduais.<\/p>\n\n\n\n<p>O prefeito Hingo Hammes participou da comemora\u00e7\u00e3o e destacou a import\u00e2ncia do espa\u00e7o para a economia local e para a seguran\u00e7a alimentar da popula\u00e7\u00e3o. &#8220;A feira \u00e9 um patrim\u00f4nio vivo da nossa cidade. Al\u00e9m de garantir produtos frescos e de qualidade na mesa das fam\u00edlias, ela \u00e9 fundamental para o sustento de centenas de produtores rurais da nossa regi\u00e3o&#8221;, afirmou o prefeito. A gest\u00e3o atual tem focado no Desenvolvimento atrav\u00e9s do apoio \u00e0 agricultura e na melhoria das condi\u00e7\u00f5es para o com\u00e9rcio local.&nbsp;<\/p>\n\n\n\n<p>Atualmente, a feira conta com 327 barracas que comercializam cerca de 350 toneladas de frutas, legumes e verduras por semana. O evento contou com a presen\u00e7a do Secret\u00e1rio de Estado de Ambiente, Bernardo Rossi, e de uma comitiva de secret\u00e1rios municipais, incluindo , Samir El Ghaoui (Desenvolvimento Econ\u00f4mico), Pedro Alc\u00e2ntara (Meio Ambiente), Wesley Barreto (Assist\u00eancia Social) e Marcelo Chit\u00e3o (Seguran\u00e7a e Ordem P\u00fablica), Bruno Villela (Administra\u00e7\u00e3o), al\u00e9m da presidente da Comdep, Fernanda Ferreira.<\/p>\n\n\n\n<p>Dois dos feirantes mais antigos que trabalham no local foram homenageados. Jos\u00e9 Maria atua na Feira h\u00e1 67 anos, enquanto Maria da Concei\u00e7\u00e3o Mesquita tem mais de meio s\u00e9culo no espa\u00e7o. &#8220;A Feira do Centro faz parte da minha vida, eu fico muito feliz com essa homenagem e espero ainda que a Feira continue por muito anos por aqui&#8221;, disse Jos\u00e9 Maria.<\/p>\n\n\n\n<p>Para o Secret\u00e1rio de Desenvolvimento Econ\u00f4mico, Samir El Ghaoui, a feira \u00e9 um motor econ\u00f4mico essencial: &#8220;Valorizar esses 109 anos \u00e9 valorizar o microempreendedor e o produtor rural, gerando renda e mantendo viva uma voca\u00e7\u00e3o hist\u00f3rica de Petr\u00f3polis&#8221;.&nbsp;<\/p>\n\n\n\n<p>&#8220;A Feira Livre do Centro n\u00e3o \u00e9 apenas um local para venda de produtos, mas tamb\u00e9m \u00e9 uma valoriza\u00e7\u00e3o de tantos agricultores que cuidam bem da terra e da natureza, \u00e9 um reconhecimento da contribui\u00e7\u00e3o dada por eles na preserva\u00e7\u00e3o do meio ambiente&#8221;, destaca o secret\u00e1rio de Estado de Ambiente e Sustentabilidade, Bernardo Rossi.<\/p>\n\n\n\n<p><strong>Tradi\u00e7\u00e3o e Qualidade<\/strong><\/p>\n\n\n\n<p>A feira \u00e9 o ponto preferido de consumidores como Matilda de Castro, de 83 anos, que frequenta o local h\u00e1 d\u00e9cadas para garantir alimentos &#8220;fresquinhos&#8221; e manter o contato social com os feirantes. Essa rela\u00e7\u00e3o de proximidade reflete o eixo de Cuidado da gest\u00e3o, que busca humanizar os servi\u00e7os e espa\u00e7os p\u00fablicos.&nbsp;<\/p>\n\n\n\n<p>Petr\u00f3polis conta hoje com 14 feiras semanais, distribu\u00eddas em diversos distritos. A Prefeitura trabalha em estudos para a amplia\u00e7\u00e3o desse n\u00famero, visando levar alimentos de qualidade e pre\u00e7os acess\u00edveis a mais bairros, fortalecendo a rede de abastecimento municipal.<\/p>\n","protected":false},"excerpt":{"rendered":"<p>Um dos s\u00edmbolos mais tradicionais do cotidiano petropolitano completou 109 anos de hist\u00f3ria. A Feira<\/p>\n","protected":false},"author":1,"featured_media":50385,"comment_status":"closed","ping_status":"open","sticky":false,"template":"","format":"standard","meta":{"spay_email":"","footnotes":"","jetpack_publicize_message":""},"categories":[24],"tags":[],"jetpack_featured_media_url":"https:\/\/i0.wp.com\/jornaldeitaipava.com.br\/wp-content\/uploads\/2026\/03\/WhatsApp-Image-2026-03-10-at-16.06.19.jpeg?fit=1280%2C720&ssl=1","jetpack_publicize_connections":[],"jetpack_sharing_enabled":true,"jetpack_likes_enabled":true,"jetpack-related-posts":[],"_links":{"self":[{"href":"https:\/\/jornaldeitaipava.com.br\/index.php\/wp-json\/wp\/v2\/posts\/50384"}],"collection":[{"href":"https:\/\/jornaldeitaipava.com.br\/index.php\/wp-json\/wp\/v2\/posts"}],"about":[{"href":"https:\/\/jornaldeitaipava.com.br\/index.php\/wp-json\/wp\/v2\/types\/post"}],"author":[{"embeddable":true,"href":"https:\/\/jornaldeitaipava.com.br\/index.php\/wp-json\/wp\/v2\/users\/1"}],"replies":[{"embeddable":true,"href":"https:\/\/jornaldeitaipava.com.br\/index.php\/wp-json\/wp\/v2\/comments?post=50384"}],"version-history":[{"count":1,"href":"https:\/\/jornaldeitaipava.com.br\/index.php\/wp-json\/wp\/v2\/posts\/50384\/revisions"}],"predecessor-version":[{"id":50386,"href":"https:\/\/jornaldeitaipava.com.br\/index.php\/wp-json\/wp\/v2\/posts\/50384\/revisions\/50386"}],"wp:featuredmedia":[{"embeddable":true,"href":"https:\/\/jornaldeitaipava.com.br\/index.php\/wp-json\/wp\/v2\/media\/50385"}],"wp:attachment":[{"href":"https:\/\/jornaldeitaipava.com.br\/index.php\/wp-json\/wp\/v2\/media?parent=50384"}],"wp:term":[{"taxonomy":"category","embeddable":true,"href":"https:\/\/jornaldeitaipava.com.br\/index.php\/wp-json\/wp\/v2\/categories?post=50384"},{"taxonomy":"post_tag","embeddable":true,"href":"https:\/\/jornaldeitaipava.com.br\/index.php\/wp-json\/wp\/v2\/tags?post=50384"}],"curies":[{"name":"wp","href":"https:\/\/api.w.org\/{rel}","templated":true}]}}