{"id":50387,"date":"2026-03-10T19:54:20","date_gmt":"2026-03-10T22:54:20","guid":{"rendered":"http:\/\/jornaldeitaipava.com.br\/?p=50387"},"modified":"2026-03-10T19:54:26","modified_gmt":"2026-03-10T22:54:26","slug":"casa-de-santos-dumont-abre-no-feriado-de-aniversario-de-petropolis-com-entrada-gratuita-para-moradores","status":"publish","type":"post","link":"https:\/\/jornaldeitaipava.com.br\/index.php\/2026\/03\/10\/casa-de-santos-dumont-abre-no-feriado-de-aniversario-de-petropolis-com-entrada-gratuita-para-moradores\/","title":{"rendered":"Casa de Santos Dumont abre no feriado de anivers\u00e1rio de Petr\u00f3polis com entrada gratuita para moradores"},"content":{"rendered":"\n<p class=\"has-text-align-center\"><strong>Museu funcionar\u00e1 excepcionalmente na segunda-feira (16\/03), das 10h \u00e0s 17h; visita\u00e7\u00e3o celebra a hist\u00f3ria da cidade e o legado de Santos Dumont<\/strong><\/p>\n\n\n\n<p>A Casa de Santos Dumont, um dos principais pontos tur\u00edsticos e culturais de Petr\u00f3polis, estar\u00e1 aberta ao p\u00fablico no feriado municipal da pr\u00f3xima segunda-feira (16\/03), quando a cidade celebra 182 anos. O museu funcionar\u00e1 em hor\u00e1rio especial, das 10h \u00e0s 17h, e moradores do munic\u00edpio ter\u00e3o entrada gratuita mediante apresenta\u00e7\u00e3o de comprovante de resid\u00eancia. A abertura ser\u00e1 excepcional, j\u00e1 que normalmente o espa\u00e7o n\u00e3o funciona \u00e0s segundas-feiras, dia reservado para limpeza e manuten\u00e7\u00e3o do museu.<\/p>\n\n\n\n<p>Localizada no Centro Hist\u00f3rico, a Casa onde viveu Alberto Santos Dumont \u00e9 um dos espa\u00e7os culturais mais visitados da cidade e guarda parte importante da mem\u00f3ria do inventor brasileiro, considerado o Pai da Avia\u00e7\u00e3o. \u201cPetr\u00f3polis tem uma riqueza hist\u00f3rica e cultural muito grande, e a Casa de Santos Dumont \u00e9 um s\u00edmbolo disso. Abrir o espa\u00e7o no feriado de anivers\u00e1rio da cidade, com gratuidade para os moradores, \u00e9 uma forma de incentivar que o petropolitano conhe\u00e7a ou revisite esse patrim\u00f4nio t\u00e3o importante para a nossa hist\u00f3ria\u201d, afirmou o prefeito Hingo Hammes.<\/p>\n\n\n\n<p>O diretor da Casa de Santos Dumont, Cl\u00e1udio Gomide, lembra que este \u00e9 um ano especial para as homenagens ao inventor. Em 23 de outubro de 2026 ser\u00e3o celebrados 120 anos do voo do 14-Bis, marco hist\u00f3rico da avia\u00e7\u00e3o mundial. \u201cEstamos em um ano muito simb\u00f3lico para a hist\u00f3ria da avia\u00e7\u00e3o e para a mem\u00f3ria de Santos Dumont. Receber moradores e visitantes nesse per\u00edodo refor\u00e7a a import\u00e2ncia de preservar e divulgar esse legado. A Casa de Santos Dumont \u00e9 um espa\u00e7o que conecta o p\u00fablico com a trajet\u00f3ria de um dos maiores inventores da hist\u00f3ria\u201d, ressaltou Gomide.<\/p>\n\n\n\n<p>Para o presidente do Instituto Municipal de Cultura (IMC), Adenilson Honorato, a iniciativa tamb\u00e9m fortalece a rela\u00e7\u00e3o da popula\u00e7\u00e3o com os equipamentos culturais da cidade. \u201cNosso objetivo \u00e9 aproximar cada vez mais os moradores dos espa\u00e7os culturais de Petr\u00f3polis. A Casa de Santos Dumont \u00e9 um patrim\u00f4nio de valor hist\u00f3rico inestim\u00e1vel, e abrir o Museu no feriado, com acesso gratuito para os petropolitanos, \u00e9 uma forma de estimular esse contato com a nossa mem\u00f3ria e identidade cultural\u201d, disse.<\/p>\n\n\n\n<p><strong>A Casa de Santos Dumont<\/strong><\/p>\n\n\n\n<p>Conhecida como \u201cA Encantada\u201d, a Casa de Santos Dumont foi constru\u00edda em 1918 pelo pr\u00f3prio inventor em um terreno \u00edngreme no Centro de Petr\u00f3polis. O im\u00f3vel chama aten\u00e7\u00e3o pela arquitetura peculiar e por solu\u00e7\u00f5es criativas idealizadas por Santos Dumont, como a famosa escada externa com degraus em formato de raquete, que obrigam o visitante a iniciar a subida sempre com o p\u00e9 direito.<\/p>\n\n\n\n<p>Transformado em museu, o espa\u00e7o preserva objetos pessoais, documentos e registros que ajudam a contar a trajet\u00f3ria do inventor e sua contribui\u00e7\u00e3o para a hist\u00f3ria da avia\u00e7\u00e3o. A casa tamb\u00e9m se tornou um dos s\u00edmbolos culturais da cidade e um importante ponto de visita\u00e7\u00e3o para turistas e moradores.<\/p>\n","protected":false},"excerpt":{"rendered":"<p>Museu funcionar\u00e1 excepcionalmente na segunda-feira (16\/03), das 10h \u00e0s 17h; visita\u00e7\u00e3o celebra a hist\u00f3ria da<\/p>\n","protected":false},"author":1,"featured_media":1266,"comment_status":"closed","ping_status":"open","sticky":false,"template":"","format":"standard","meta":{"spay_email":"","footnotes":"","jetpack_publicize_message":""},"categories":[42],"tags":[],"jetpack_featured_media_url":"https:\/\/i1.wp.com\/jornaldeitaipava.com.br\/wp-content\/uploads\/2020\/09\/CASA-SANTOS-DUMONT.jpg?fit=318%2C159&ssl=1","jetpack_publicize_connections":[],"jetpack_sharing_enabled":true,"jetpack_likes_enabled":true,"jetpack-related-posts":[],"_links":{"self":[{"href":"https:\/\/jornaldeitaipava.com.br\/index.php\/wp-json\/wp\/v2\/posts\/50387"}],"collection":[{"href":"https:\/\/jornaldeitaipava.com.br\/index.php\/wp-json\/wp\/v2\/posts"}],"about":[{"href":"https:\/\/jornaldeitaipava.com.br\/index.php\/wp-json\/wp\/v2\/types\/post"}],"author":[{"embeddable":true,"href":"https:\/\/jornaldeitaipava.com.br\/index.php\/wp-json\/wp\/v2\/users\/1"}],"replies":[{"embeddable":true,"href":"https:\/\/jornaldeitaipava.com.br\/index.php\/wp-json\/wp\/v2\/comments?post=50387"}],"version-history":[{"count":1,"href":"https:\/\/jornaldeitaipava.com.br\/index.php\/wp-json\/wp\/v2\/posts\/50387\/revisions"}],"predecessor-version":[{"id":50388,"href":"https:\/\/jornaldeitaipava.com.br\/index.php\/wp-json\/wp\/v2\/posts\/50387\/revisions\/50388"}],"wp:featuredmedia":[{"embeddable":true,"href":"https:\/\/jornaldeitaipava.com.br\/index.php\/wp-json\/wp\/v2\/media\/1266"}],"wp:attachment":[{"href":"https:\/\/jornaldeitaipava.com.br\/index.php\/wp-json\/wp\/v2\/media?parent=50387"}],"wp:term":[{"taxonomy":"category","embeddable":true,"href":"https:\/\/jornaldeitaipava.com.br\/index.php\/wp-json\/wp\/v2\/categories?post=50387"},{"taxonomy":"post_tag","embeddable":true,"href":"https:\/\/jornaldeitaipava.com.br\/index.php\/wp-json\/wp\/v2\/tags?post=50387"}],"curies":[{"name":"wp","href":"https:\/\/api.w.org\/{rel}","templated":true}]}}