{"id":50389,"date":"2026-03-10T19:55:53","date_gmt":"2026-03-10T22:55:53","guid":{"rendered":"http:\/\/jornaldeitaipava.com.br\/?p=50389"},"modified":"2026-03-10T19:55:57","modified_gmt":"2026-03-10T22:55:57","slug":"programacao-do-agita-petropolis-marca-mes-da-mulher-com-atividades-voltadas-ao-cuidado-informacao-e-convivencia","status":"publish","type":"post","link":"https:\/\/jornaldeitaipava.com.br\/index.php\/2026\/03\/10\/programacao-do-agita-petropolis-marca-mes-da-mulher-com-atividades-voltadas-ao-cuidado-informacao-e-convivencia\/","title":{"rendered":"Programa\u00e7\u00e3o do Agita Petr\u00f3polis marca M\u00eas da Mulher com atividades voltadas ao cuidado, informa\u00e7\u00e3o e conviv\u00eancia"},"content":{"rendered":"\n<p class=\"has-text-align-center\"><strong>Rodas de conversa, pr\u00e1ticas corporais, orienta\u00e7\u00e3o em sa\u00fade e encontros seguem at\u00e9 o dia 13 de mar\u00e7o<\/strong><\/p>\n\n\n\n<p>Como parte da programa\u00e7\u00e3o do M\u00eas da Mulher, o Programa Agita Petr\u00f3polis come\u00e7ou nesta segunda-feira (09\/03), uma agenda de atividades voltadas ao cuidado, bem-estar e conviv\u00eancia. As a\u00e7\u00f5es re\u00fanem rodas de conversa, pr\u00e1ticas corporais, orienta\u00e7\u00e3o em sa\u00fade, terapias integrativas e encontros voltados \u00e0 troca de experi\u00eancias.<\/p>\n\n\n\n<p>\u201cQuando criamos momentos de encontro voltados \u00e0s mulheres, abrimos espa\u00e7o para di\u00e1logo, cuidado e conviv\u00eancia. O poder p\u00fablico precisa garantir oportunidades para que essas trocas aconte\u00e7am em diferentes \u00e1reas da cidade\u201d, afirmou o prefeito Hingo Hammes.<\/p>\n\n\n\n<p>\u201cQuando pensamos esporte e lazer como parte da rotina da popula\u00e7\u00e3o, tamb\u00e9m pensamos em sa\u00fade, encontro e participa\u00e7\u00e3o\u201d, ressaltou o secret\u00e1rio de Esporte, Lazer, Pessoa com Defici\u00eancia e Mobilidade Reduzida, Leandro Kronemberger.<\/p>\n\n\n\n<p>Al\u00e9m das atividades f\u00edsicas, nesta segunda-feira teve ainda acupuntura e moxa com Rodrigo Bittencourt, massoterapia com Patrick Rocha, limpeza de pele com Carla Rangel, shiatsu com Vania Cristina, participa\u00e7\u00e3o do Centro Educacional T\u00e9cnicas do Futuro e sorteios. A programa\u00e7\u00e3o incluiu ainda roda de conversa com a Pol\u00edcia Civil (PC), participa\u00e7\u00e3o da Feira de Reciclagem da Comdep e atendimento no sal\u00e3o de beleza com V\u00e2nia Gomes.<\/p>\n\n\n\n<p>\u201cA iniciativa re\u00fane diferentes \u00e1reas para oferecer informa\u00e7\u00e3o, cuidado e momentos de conversa. O m\u00eas de mar\u00e7o tamb\u00e9m representa oportunidade de fortalecer redes de apoio e ampliar o debate sobre direitos e participa\u00e7\u00e3o das mulheres\u201d, destacou a secret\u00e1ria de Direitos e Pol\u00edticas para as Mulheres, Rosangela Stumpf.<\/p>\n\n\n\n<p>As a\u00e7\u00f5es s\u00e3o realizadas das 8h \u00e0s 12h, na sede da Secretaria de Esporte, Lazer, Pessoa com Defici\u00eancia e Mobilidade Reduzida, localizada na Rua 16 de Mar\u00e7o, 183, segundo andar, no Centro. No dia 13, a programa\u00e7\u00e3o segue para a Pra\u00e7a Visconde de Mau\u00e1 (Pra\u00e7a da \u00c1guia). As atividades s\u00e3o gratuitas e aberta ao p\u00fablico.<\/p>\n\n\n\n<p>\u201cO Agita para mim \u00e9 tudo de bom. Me sinto melhor, com mais disposi\u00e7\u00e3o e sa\u00fade. E no Dia da Mulher \u00e9 maravilhoso poder participar dessa comemora\u00e7\u00e3o\u201d, disse Rosemar Teixeira, de 63 anos.<\/p>\n\n\n\n<p>Confira a programa\u00e7\u00e3o do Agita Petr\u00f3polis M\u00eas da Mulher:<\/p>\n\n\n\n<p>Na ter\u00e7a-feira (10\/03) tem aul\u00e3o de forr\u00f3 conduzido por Leandro Marques. A programa\u00e7\u00e3o inclui ainda roda de conversa sobre menopausa com a nutricionista Ana Laura Ribeiro, participa\u00e7\u00e3o de Dona Verinha com artesanato, atividade ambiental do projeto M\u00e3os na Terra, presen\u00e7a do Instituto Jesus Monteiro e sess\u00e3o de reiki com Eduardo Coelho.<\/p>\n\n\n\n<p>Na quarta-feira (11\/03), tem orienta\u00e7\u00f5es em fisioterapia \u00edntima com Matheus Patr\u00edcio, atendimento de massoterapia com Patrick Rocha e roda de conversa conduzida por Cl\u00e9via Sies, profissional de Educa\u00e7\u00e3o F\u00edsica e psic\u00f3loga.<\/p>\n\n\n\n<p>Na quinta-feira (12\/03) tem aula de Aikido ministrada por Fabio e Rodrigo, al\u00e9m de sess\u00e3o de Reiki conduzida por Andr\u00e9. O encerramento \u00e9 na sexta-feira (13\/03) com aul\u00e3o livre na Pra\u00e7a Visconde de Mau\u00e1 (Pra\u00e7a da \u00c1guia), no Centro.<\/p>\n","protected":false},"excerpt":{"rendered":"<p>Rodas de conversa, pr\u00e1ticas corporais, orienta\u00e7\u00e3o em sa\u00fade e encontros seguem at\u00e9 o dia 13<\/p>\n","protected":false},"author":1,"featured_media":50390,"comment_status":"closed","ping_status":"open","sticky":false,"template":"","format":"standard","meta":{"spay_email":"","footnotes":"","jetpack_publicize_message":""},"categories":[9],"tags":[],"jetpack_featured_media_url":"https:\/\/i1.wp.com\/jornaldeitaipava.com.br\/wp-content\/uploads\/2026\/03\/WhatsApp-Image-2026-03-09-at-16.46.31.jpeg?fit=1500%2C935&ssl=1","jetpack_publicize_connections":[],"jetpack_sharing_enabled":true,"jetpack_likes_enabled":true,"jetpack-related-posts":[],"_links":{"self":[{"href":"https:\/\/jornaldeitaipava.com.br\/index.php\/wp-json\/wp\/v2\/posts\/50389"}],"collection":[{"href":"https:\/\/jornaldeitaipava.com.br\/index.php\/wp-json\/wp\/v2\/posts"}],"about":[{"href":"https:\/\/jornaldeitaipava.com.br\/index.php\/wp-json\/wp\/v2\/types\/post"}],"author":[{"embeddable":true,"href":"https:\/\/jornaldeitaipava.com.br\/index.php\/wp-json\/wp\/v2\/users\/1"}],"replies":[{"embeddable":true,"href":"https:\/\/jornaldeitaipava.com.br\/index.php\/wp-json\/wp\/v2\/comments?post=50389"}],"version-history":[{"count":1,"href":"https:\/\/jornaldeitaipava.com.br\/index.php\/wp-json\/wp\/v2\/posts\/50389\/revisions"}],"predecessor-version":[{"id":50391,"href":"https:\/\/jornaldeitaipava.com.br\/index.php\/wp-json\/wp\/v2\/posts\/50389\/revisions\/50391"}],"wp:featuredmedia":[{"embeddable":true,"href":"https:\/\/jornaldeitaipava.com.br\/index.php\/wp-json\/wp\/v2\/media\/50390"}],"wp:attachment":[{"href":"https:\/\/jornaldeitaipava.com.br\/index.php\/wp-json\/wp\/v2\/media?parent=50389"}],"wp:term":[{"taxonomy":"category","embeddable":true,"href":"https:\/\/jornaldeitaipava.com.br\/index.php\/wp-json\/wp\/v2\/categories?post=50389"},{"taxonomy":"post_tag","embeddable":true,"href":"https:\/\/jornaldeitaipava.com.br\/index.php\/wp-json\/wp\/v2\/tags?post=50389"}],"curies":[{"name":"wp","href":"https:\/\/api.w.org\/{rel}","templated":true}]}}