{"id":50395,"date":"2026-03-10T20:03:04","date_gmt":"2026-03-10T23:03:04","guid":{"rendered":"http:\/\/jornaldeitaipava.com.br\/?p=50395"},"modified":"2026-03-10T20:03:09","modified_gmt":"2026-03-10T23:03:09","slug":"povo-do-santo-e-cefet-rj-se-unem-para-debater-educacao-e-cultura-antirracista-no-cafe-com-axe-desta-quarta-feira","status":"publish","type":"post","link":"https:\/\/jornaldeitaipava.com.br\/index.php\/2026\/03\/10\/povo-do-santo-e-cefet-rj-se-unem-para-debater-educacao-e-cultura-antirracista-no-cafe-com-axe-desta-quarta-feira\/","title":{"rendered":"Povo do Santo e CEFET\/RJ se unem para debater educa\u00e7\u00e3o e cultura antirracista no Caf\u00e9 com Ax\u00e9 desta quarta-feira"},"content":{"rendered":"\n<p>O Coletivo Povo do Santo, em parceria com o N\u00facleo de Estudos Afro-brasileiros e Ind\u00edgenas (Neabi) do CEFET\/RJ \u2013 Unidade Petr\u00f3polis, promove na pr\u00f3xima quarta-feira (11) mais uma edi\u00e7\u00e3o do \u201cCaf\u00e9 com Ax\u00e9 \u2013 Mobiliza\u00e7\u00e3o de Terreiros por Educa\u00e7\u00e3o e Cultura Antirracistas\u201d. O encontro ser\u00e1 realizado \u00e0s 19h, no Sal\u00e3o Nobre da institui\u00e7\u00e3o, com entrada gratuita e aberta ao p\u00fablico.<\/p>\n\n\n\n<p>A atividade reunir\u00e1 lideran\u00e7as de religi\u00f5es de matrizes africanas e afro-ind\u00edgenas de Petr\u00f3polis, estudantes, professores, pesquisadores e integrantes da comunidade acad\u00eamica. Em formato de caf\u00e9 dial\u00f3gico, a proposta \u00e9 criar um espa\u00e7o de escuta e troca de experi\u00eancias sobre educa\u00e7\u00e3o antirracista, diversidade religiosa e valoriza\u00e7\u00e3o das culturas afro-brasileiras.<\/p>\n\n\n\n<p>O evento busca ainda fortalecer o di\u00e1logo entre os saberes tradicionais dos terreiros e a produ\u00e7\u00e3o acad\u00eamica, contribuindo para a forma\u00e7\u00e3o cidad\u00e3 dos estudantes e para o desenvolvimento de pr\u00e1ticas educativas comprometidas com a justi\u00e7a social e o combate ao racismo, especialmente o racismo religioso.<\/p>\n\n\n\n<p>Um dos coordenadores do Coletivo Povo do Santo, Pai Pedro Nogueira, destaca que o encontro \u00e9 um espa\u00e7o de constru\u00e7\u00e3o coletiva. \u201cN\u00e3o temos a pretens\u00e3o de esgotar o tema, mas provocar reflex\u00f5es sobre os panoramas cultural e educacional em nosso munic\u00edpio e levantar possibilidades de a\u00e7\u00f5es concretas de combate ao racismo e \u00e0s diversas formas de intoler\u00e2ncia\u201d, afirma. Segundo ele, a iniciativa tamb\u00e9m busca fortalecer uma sociedade em que a diversidade cultural e religiosa seja respeitada.<\/p>\n\n\n\n<p>Para o professor Renan Rimon, coordenador do Neabi do CEFET\/RJ Petr\u00f3polis, a parceria refor\u00e7a a import\u00e2ncia de aproximar a universidade e a comunidade. \u201c\u00c9 uma grande alegria que iniciativas como o \u2018Caf\u00e9 com Ax\u00e9\u2019 se consolidem como vitais para questionar o ambiente acad\u00eamico e a nossa sociedade como um todo. Ao integrar o saber dos terreiros e a luta por uma cultura antirracista no cotidiano de Petr\u00f3polis, promovem-se n\u00e3o apenas o conhecimento, mas o respeito e a repara\u00e7\u00e3o hist\u00f3rica\u201d, destaca.<\/p>\n\n\n\n<p>A iniciativa tamb\u00e9m conta com o apoio do Centro de Defesa dos Direitos Humanos (CDDH) de Petr\u00f3polis, refor\u00e7ando o compromisso de diferentes institui\u00e7\u00f5es da cidade com a promo\u00e7\u00e3o dos direitos humanos e o enfrentamento ao racismo religioso.<\/p>\n\n\n\n<p>Para Guilherme Freitas, historiador, conselheiro municipal de cultura pelo segmento de culturas afro-brasileiras, quilombolas e de matrizes africanas e tamb\u00e9m um dos coordenadores do Coletivo Povo do Santo, o encontro representa um passo importante no reconhecimento dos saberes de terreiro como parte fundamental da cultura brasileira. \u201cQuando os terreiros entram na universidade, n\u00e3o \u00e9 apenas um gesto simb\u00f3lico. \u00c9 o reconhecimento de que esses espa\u00e7os produzem conhecimento, mem\u00f3ria e resist\u00eancia. O \u2018Caf\u00e9 com Ax\u00e9\u2019 \u00e9 uma oportunidade de aproximar comunidade e academia para construir pr\u00e1ticas culturais e educativas verdadeiramente antirracistas em nossa cidade\u201d, afirma.<\/p>\n\n\n\n<p>O Caf\u00e9 com Ax\u00e9 acontece na quarta-feira, 11 de mar\u00e7o, \u00e0s 19h, no Sal\u00e3o Nobre do CEFET\/RJ \u2013 Unidade Petr\u00f3polis, e \u00e9 aberto a todos os interessados no debate sobre cultura, educa\u00e7\u00e3o e enfrentamento ao racismo.<\/p>\n\n\n\n<p>Servi\u00e7o<br>Evento: Caf\u00e9 com Ax\u00e9 \u2013 Mobiliza\u00e7\u00e3o de Terreiros por Educa\u00e7\u00e3o e Cultura Antirracistas<br>Data: 11 de mar\u00e7o (quarta-feira)<br>Hor\u00e1rio: 19h<br>Local: Sal\u00e3o Nobre do CEFET\/RJ \u2013 Unidade Petr\u00f3polis<br>Entrada: Gratuita e aberta ao p\u00fablico<\/p>\n","protected":false},"excerpt":{"rendered":"<p>O Coletivo Povo do Santo, em parceria com o N\u00facleo de Estudos Afro-brasileiros e Ind\u00edgenas<\/p>\n","protected":false},"author":1,"featured_media":50396,"comment_status":"closed","ping_status":"open","sticky":false,"template":"","format":"standard","meta":{"spay_email":"","footnotes":"","jetpack_publicize_message":""},"categories":[1],"tags":[],"jetpack_featured_media_url":"https:\/\/i2.wp.com\/jornaldeitaipava.com.br\/wp-content\/uploads\/2026\/03\/WhatsApp-Image-2026-03-09-at-15.54.09.jpeg?fit=1600%2C1026&ssl=1","jetpack_publicize_connections":[],"jetpack_sharing_enabled":true,"jetpack_likes_enabled":true,"jetpack-related-posts":[],"_links":{"self":[{"href":"https:\/\/jornaldeitaipava.com.br\/index.php\/wp-json\/wp\/v2\/posts\/50395"}],"collection":[{"href":"https:\/\/jornaldeitaipava.com.br\/index.php\/wp-json\/wp\/v2\/posts"}],"about":[{"href":"https:\/\/jornaldeitaipava.com.br\/index.php\/wp-json\/wp\/v2\/types\/post"}],"author":[{"embeddable":true,"href":"https:\/\/jornaldeitaipava.com.br\/index.php\/wp-json\/wp\/v2\/users\/1"}],"replies":[{"embeddable":true,"href":"https:\/\/jornaldeitaipava.com.br\/index.php\/wp-json\/wp\/v2\/comments?post=50395"}],"version-history":[{"count":1,"href":"https:\/\/jornaldeitaipava.com.br\/index.php\/wp-json\/wp\/v2\/posts\/50395\/revisions"}],"predecessor-version":[{"id":50397,"href":"https:\/\/jornaldeitaipava.com.br\/index.php\/wp-json\/wp\/v2\/posts\/50395\/revisions\/50397"}],"wp:featuredmedia":[{"embeddable":true,"href":"https:\/\/jornaldeitaipava.com.br\/index.php\/wp-json\/wp\/v2\/media\/50396"}],"wp:attachment":[{"href":"https:\/\/jornaldeitaipava.com.br\/index.php\/wp-json\/wp\/v2\/media?parent=50395"}],"wp:term":[{"taxonomy":"category","embeddable":true,"href":"https:\/\/jornaldeitaipava.com.br\/index.php\/wp-json\/wp\/v2\/categories?post=50395"},{"taxonomy":"post_tag","embeddable":true,"href":"https:\/\/jornaldeitaipava.com.br\/index.php\/wp-json\/wp\/v2\/tags?post=50395"}],"curies":[{"name":"wp","href":"https:\/\/api.w.org\/{rel}","templated":true}]}}