{"id":50401,"date":"2026-03-10T20:20:29","date_gmt":"2026-03-10T23:20:29","guid":{"rendered":"http:\/\/jornaldeitaipava.com.br\/?p=50401"},"modified":"2026-03-11T18:51:47","modified_gmt":"2026-03-11T21:51:47","slug":"50401","status":"publish","type":"post","link":"https:\/\/jornaldeitaipava.com.br\/index.php\/2026\/03\/10\/50401\/","title":{"rendered":"Projeto \u201cBonecos em A\u00e7\u00e3o 2\u201d leva oficinas de teatro e reciclagem a crian\u00e7as e jovens de Petr\u00f3polis"},"content":{"rendered":"\n<p>O projeto \u201cBonecos em A\u00e7\u00e3o 2\u201d promove oficinas gratuitas de teatro de bonecos confeccionados a partir de materiais reciclados para crian\u00e7as e adolescentes de Petr\u00f3polis (RJ). Com tem\u00e1tica ambiental, a iniciativa acontece at\u00e9 16 de abril, em centros culturais, espa\u00e7os de conviv\u00eancia, escolas p\u00fablicas e institui\u00e7\u00f5es sem fins lucrativos localizadas em bairros perif\u00e9ricos da cidade, e ser\u00e1 encerrada com um espet\u00e1culo aberto ao p\u00fablico no dia 16 de abril.<br>Ao todo, ser\u00e3o formadas tr\u00eas turmas com 20 participantes cada, que passar\u00e3o por uma experi\u00eancia art\u00edstica completa e inclusiva. As oficinas contam com recursos de acessibilidade, como int\u00e9rprete de Libras, visita sensorial ao palco, monitoria especializada e profissionais de apoio, que auxiliam o p\u00fablico durante as apresenta\u00e7\u00f5es e orientam participantes com defici\u00eancia f\u00edsica ou visual.<br>Durante o processo, os alunos aprendem a escrever roteiros, confeccionar bonecos e cen\u00e1rios, al\u00e9m de desenvolver t\u00e9cnicas de manipula\u00e7\u00e3o e atua\u00e7\u00e3o, sempre acompanhados pela equipe art\u00edstica e pedag\u00f3gica do projeto. O resultado das oficinas ser\u00e1 um espet\u00e1culo criado e encenado pelos pr\u00f3prios participantes, que convida a comunidade a refletir, de forma l\u00fadica e interativa, sobre sustentabilidade e preserva\u00e7\u00e3o ambiental.<br>Mais do que uma viv\u00eancia teatral, o \u201cBonecos em A\u00e7\u00e3o 2\u201d tem como objetivo estimular a criatividade, a escrita, a comunica\u00e7\u00e3o, o trabalho em grupo e a reciclagem criativa, fortalecendo tamb\u00e9m o desenvolvimento motor, est\u00e9tico e emocional das crian\u00e7as e adolescentes. A experi\u00eancia pr\u00e1tica com os materiais recicl\u00e1veis surge como uma alternativa enriquecedora diante da superexposi\u00e7\u00e3o \u00e0s telas, promovendo aprendizado significativo dentro e fora do palco.<br>A relev\u00e2ncia da iniciativa se evidencia diante do cen\u00e1rio ambiental brasileiro. De acordo com o Panorama dos Res\u00edduos S\u00f3lidos no Brasil 2025, divulgado pela Associa\u00e7\u00e3o Brasileira de Res\u00edduos e Meio Ambiente (Abrema), o pa\u00eds gerou cerca de 81,6 milh\u00f5es de toneladas de res\u00edduos s\u00f3lidos urbanos em 2024, o equivalente a 1,24 kg por habitante por dia. Embora 93,7% desses res\u00edduos tenham sido coletados, apenas 59,7% receberam destina\u00e7\u00e3o ambientalmente adequada, enquanto 40,3% ainda foram descartados de forma irregular. A taxa de reciclagem de res\u00edduos secos alcan\u00e7ou cerca de 8,7%, e a reciclagem bioenerg\u00e9tica respondeu por aproximadamente 11,7%, indicando avan\u00e7os, mas tamb\u00e9m refor\u00e7ando a urg\u00eancia de a\u00e7\u00f5es educativas e de economia circular.<br>\u201cNa GE Aerospace, acreditamos que a educa\u00e7\u00e3o e a criatividade s\u00e3o fundamentais para o desenvolvimento das futuras gera\u00e7\u00f5es. Patrocinar o projeto Bonecos em A\u00e7\u00e3o 2 nos permite contribuir para a forma\u00e7\u00e3o de crian\u00e7as e jovens, incentivando a sustentabilidade e a express\u00e3o art\u00edstica por meio do uso de materiais reciclados. O projeto n\u00e3o apenas promove a conscientiza\u00e7\u00e3o ambiental, como tamb\u00e9m fortalece a comunidade ao oferecer atividades culturais gratuitas, acess\u00edveis e transformadoras\u201d, afirma Julio Talon, diretor da GE Aerospace no Brasil.<br>Realizado por meio da Lei de Incentivo \u00e0 Cultura, o projeto \u201cBonecos em A\u00e7\u00e3o 2\u201d tem produ\u00e7\u00e3o da Cia ODU, apoio da Komedi e da SSP Produ\u00e7\u00f5es, com patroc\u00ednio da GE Aerospace, e \u00e9 realizado pelo Minist\u00e9rio da Cultura e Governo Federal. Do lado do povo brasileiro.<\/p>\n\n\n\n<p><strong>Sobre a GE Aerospace:<br><\/strong>A GE Aerospace \u00e9 l\u00edder global em propuls\u00e3o, servi\u00e7os e sistemas aeroespaciais com uma base instalada de aproximadamente 45.000 motores de aeronaves comerciais e 25.000 militares. Com uma equipe global de aproximadamente 53.000 funcion\u00e1rios com base em mais de um s\u00e9culo de inova\u00e7\u00e3o e aprendizado, a GE Aerospace est\u00e1 comprometida em inventar o futuro do voo, elevar as pessoas e traz\u00ea-las para casa em seguran\u00e7a. Saiba mais sobre como a GE Aerospace e seus parceiros est\u00e3o definindo o voo para hoje, amanh\u00e3 e o futuro na <a href=\"http:\/\/www.geaerospace.com\">www.geaerospace.com<\/a>.<\/p>\n\n\n\n<p>Redes sociais: <a href=\"https:\/\/www.linkedin.com\/company\/geaerospace\/\">https:\/\/www.linkedin.com\/company\/geaerospace\/<\/a><br>Hashtags pr\u00f3prias:<\/p>\n\n\n\n<h4 class=\"wp-block-heading\">geaerospace, #gecelma, #geaerospacenobrasil<\/h4>\n\n\n\n<p><strong>Sobre o Minist\u00e9rio:<br><\/strong>A principal ferramenta de fomento \u00e0 Cultura do Brasil, a Lei de Incentivo \u00e0 Cultura contribui para que milhares de projetos culturais aconte\u00e7am, todos os anos, em todas as regi\u00f5es do pa\u00eds. Por meio dela, empresas e pessoas f\u00edsicas podem patrocinar espet\u00e1culos \u2013 exposi\u00e7\u00f5es, shows, livros, museus, galerias e v\u00e1rias outras formas de express\u00e3o cultural \u2013 e abater o valor total ou parcial do apoio do Imposto de Renda.<br>A Lei tamb\u00e9m contribui para ampliar o acesso dos cidad\u00e3os \u00e0 Cultura, j\u00e1 que os projetos patrocinados s\u00e3o obrigados a oferecer uma contrapartida social, ou seja, eles t\u00eam que distribuir parte dos ingressos gratuitamente e promover a\u00e7\u00f5es de forma\u00e7\u00e3o e capacita\u00e7\u00e3o junto \u00e0s comunidades.<br>Criado em 1991 pela Lei 8.313, o mecanismo do incentivo \u00e0 cultura \u00e9 um dos pilares do Programa Nacional de Apoio \u00e0 Cultura (Pronac), que tamb\u00e9m conta com o Fundo Nacional de Cultura (FNC) e os Fundos de Investimento Cultural e Art\u00edstico (Ficarts). Lei de Incentivo \u00e0 Cultura, Minist\u00e9rio da Cultura.<\/p>\n\n\n\n<p><strong>Servi\u00e7o<br><\/strong>\u201cBonecos em A\u00e7\u00e3o 2\u201d chega a Petr\u00f3polis (RJ)<br>Local: Escola Municipal Ana Mohamma<br>Endere\u00e7o: Estrada do Para\u00edso, 701<br>CEP: 25635-410<br>Ponto de refer\u00eancia: acima da quadra<\/p>\n\n\n\n<ul>\n<li><strong>Turma 1<br><\/strong>Hor\u00e1rio: 7h30 \u00e0s 9h<br>Aula 01 \u2013 Roteiriza\u00e7\u00e3o \u2013 24\/02<br>Aula 02 \u2013 Roteiriza\u00e7\u00e3o \u2013 26\/02<br>Aula 03 \u2013 Roteiriza\u00e7\u00e3o \u2013 02\/03<br>Aula 04 \u2013 Roteiriza\u00e7\u00e3o \u2013 04\/03<br>Aula 05 \u2013 Roteiriza\u00e7\u00e3o \u2013 06\/03<br>Aula 06 \u2013 Cenografia para teatro de bonecos \u2013 09\/03<br>Aula 07 \u2013 Cenografia para teatro de bonecos \u2013 11\/03<br>Aula 08 \u2013 Cenografia para teatro de bonecos \u2013 13\/03<br>Aula 09 \u2013 Cenografia para teatro de bonecos \u2013 18\/03<br>Aula 10 \u2013 Cenografia para teatro de bonecos \u2013 20\/03<br>Aula 11 \u2013 Confec\u00e7\u00e3o de bonecos \u2013 23\/03<br>Aula 12 \u2013 Confec\u00e7\u00e3o de bonecos \u2013 25\/03<br>Aula 13 \u2013 Confec\u00e7\u00e3o de bonecos \u2013 27\/03<br>Aula 14 \u2013 Confec\u00e7\u00e3o de bonecos \u2013 30\/03<br>Aula 15 \u2013 Confec\u00e7\u00e3o de bonecos \u2013 01\/04<br>Aula 16 \u2013 Manipula\u00e7\u00e3o de bonecos \u2013 06\/04<br>Aula 17 \u2013 Manipula\u00e7\u00e3o de bonecos \u2013 08\/04<br>Aula 18 \u2013 Manipula\u00e7\u00e3o de bonecos \u2013 10\/04<br>Aula 19 \u2013 Manipula\u00e7\u00e3o de bonecos \u2013 13\/04<br>Aula 20 \u2013 Manipula\u00e7\u00e3o de bonecos \u2013 15\/04<br>Apresenta\u00e7\u00e3o final: 16\/04 \u2013 7h30 \u00e0s 9h<\/li>\n<\/ul>\n\n\n\n<ul>\n<li><strong>Turma 2<br><\/strong>Hor\u00e1rio: 9h30 \u00e0s 11h<br>Aula 01 \u2013 Roteiriza\u00e7\u00e3o \u2013 24\/02<br>Aula 02 \u2013 Roteiriza\u00e7\u00e3o \u2013 26\/02<br>Aula 03 \u2013 Roteiriza\u00e7\u00e3o \u2013 02\/03<br>Aula 04 \u2013 Roteiriza\u00e7\u00e3o \u2013 04\/03<br>Aula 05 \u2013 Roteiriza\u00e7\u00e3o \u2013 06\/03<br>Aula 06 \u2013 Cenografia para teatro de bonecos \u2013 09\/03<br>Aula 07 \u2013 Cenografia para teatro de bonecos \u2013 11\/03<br>Aula 08 \u2013 Cenografia para teatro de bonecos \u2013 13\/03<br>Aula 09 \u2013 Cenografia para teatro de bonecos \u2013 18\/03<br>Aula 10 \u2013 Cenografia para teatro de bonecos \u2013 20\/03<br>Aula 11 \u2013 Confec\u00e7\u00e3o de bonecos \u2013 23\/03<br>Aula 12 \u2013 Confec\u00e7\u00e3o de bonecos \u2013 25\/03<br>Aula 13 \u2013 Confec\u00e7\u00e3o de bonecos \u2013 27\/03<br>Aula 14 \u2013 Confec\u00e7\u00e3o de bonecos \u2013 30\/03<br>Aula 15 \u2013 Confec\u00e7\u00e3o de bonecos \u2013 01\/04<br>Aula 16 \u2013 Manipula\u00e7\u00e3o de bonecos \u2013 06\/04<br>Aula 17 \u2013 Manipula\u00e7\u00e3o de bonecos \u2013 08\/04<br>Aula 18 \u2013 Manipula\u00e7\u00e3o de bonecos \u2013 10\/04<br>Aula 19 \u2013 Manipula\u00e7\u00e3o de bonecos \u2013 13\/04<br>Aula 20 \u2013 Manipula\u00e7\u00e3o de bonecos \u2013 15\/04<br>Apresenta\u00e7\u00e3o final: 16\/04 \u2013 9h30 \u00e0s 11h<\/li>\n<\/ul>\n\n\n\n<p>Local: Escola S\u00e3o Jo\u00e3o Batista<br>Endere\u00e7o: Rua Luiz Winter, 1116 \u2013 Duarte da Silveira<br>CEP: 25675-431<br>Ponto de refer\u00eancia: embaixo da igreja<\/p>\n\n\n\n<ul>\n<li><strong>Turma 3<br><\/strong>Hor\u00e1rio: 14h \u00e0s 15h30<br>Aula 01 \u2013 Roteiriza\u00e7\u00e3o \u2013 24\/02<br>Aula 02 \u2013 Roteiriza\u00e7\u00e3o \u2013 26\/02<br>Aula 03 \u2013 Roteiriza\u00e7\u00e3o \u2013 02\/03<br>Aula 04 \u2013 Roteiriza\u00e7\u00e3o \u2013 04\/03<br>Aula 05 \u2013 Roteiriza\u00e7\u00e3o \u2013 06\/03<br>Aula 06 \u2013 Cenografia para teatro de bonecos \u2013 09\/03<br>Aula 07 \u2013 Cenografia para teatro de bonecos \u2013 11\/03<br>Aula 08 \u2013 Cenografia para teatro de bonecos \u2013 13\/03<br>Aula 09 \u2013 Cenografia para teatro de bonecos \u2013 18\/03<br>Aula 10 \u2013 Cenografia para teatro de bonecos \u2013 20\/03<br>Aula 11 \u2013 Confec\u00e7\u00e3o de bonecos \u2013 23\/03<br>Aula 12 \u2013 Confec\u00e7\u00e3o de bonecos \u2013 25\/03<br>Aula 13 \u2013 Confec\u00e7\u00e3o de bonecos \u2013 27\/03<br>Aula 14 \u2013 Confec\u00e7\u00e3o de bonecos \u2013 30\/03<br>Aula 15 \u2013 Confec\u00e7\u00e3o de bonecos \u2013 01\/04<br>Aula 16 \u2013 Manipula\u00e7\u00e3o de bonecos \u2013 06\/04<br>Aula 17 \u2013 Manipula\u00e7\u00e3o de bonecos \u2013 08\/04<br>Aula 18 \u2013 Manipula\u00e7\u00e3o de bonecos \u2013 10\/04<br>Aula 19 \u2013 Manipula\u00e7\u00e3o de bonecos \u2013 13\/04<br>Aula 20 \u2013 Manipula\u00e7\u00e3o de bonecos \u2013 15\/04<br>Apresenta\u00e7\u00e3o final: 16\/04 \u2013 14h \u00e0s 15h30<\/li>\n<\/ul>\n","protected":false},"excerpt":{"rendered":"<p>O projeto \u201cBonecos em A\u00e7\u00e3o 2\u201d promove oficinas gratuitas de teatro de bonecos confeccionados a<\/p>\n","protected":false},"author":1,"featured_media":50408,"comment_status":"closed","ping_status":"open","sticky":true,"template":"","format":"standard","meta":{"spay_email":"","footnotes":"","jetpack_publicize_message":""},"categories":[9],"tags":[],"jetpack_featured_media_url":"https:\/\/i1.wp.com\/jornaldeitaipava.com.br\/wp-content\/uploads\/2026\/03\/WhatsApp-Image-2026-03-10-at-10.40.18.jpeg?fit=1600%2C1066&ssl=1","jetpack_publicize_connections":[],"jetpack_sharing_enabled":true,"jetpack_likes_enabled":true,"jetpack-related-posts":[],"_links":{"self":[{"href":"https:\/\/jornaldeitaipava.com.br\/index.php\/wp-json\/wp\/v2\/posts\/50401"}],"collection":[{"href":"https:\/\/jornaldeitaipava.com.br\/index.php\/wp-json\/wp\/v2\/posts"}],"about":[{"href":"https:\/\/jornaldeitaipava.com.br\/index.php\/wp-json\/wp\/v2\/types\/post"}],"author":[{"embeddable":true,"href":"https:\/\/jornaldeitaipava.com.br\/index.php\/wp-json\/wp\/v2\/users\/1"}],"replies":[{"embeddable":true,"href":"https:\/\/jornaldeitaipava.com.br\/index.php\/wp-json\/wp\/v2\/comments?post=50401"}],"version-history":[{"count":3,"href":"https:\/\/jornaldeitaipava.com.br\/index.php\/wp-json\/wp\/v2\/posts\/50401\/revisions"}],"predecessor-version":[{"id":50451,"href":"https:\/\/jornaldeitaipava.com.br\/index.php\/wp-json\/wp\/v2\/posts\/50401\/revisions\/50451"}],"wp:featuredmedia":[{"embeddable":true,"href":"https:\/\/jornaldeitaipava.com.br\/index.php\/wp-json\/wp\/v2\/media\/50408"}],"wp:attachment":[{"href":"https:\/\/jornaldeitaipava.com.br\/index.php\/wp-json\/wp\/v2\/media?parent=50401"}],"wp:term":[{"taxonomy":"category","embeddable":true,"href":"https:\/\/jornaldeitaipava.com.br\/index.php\/wp-json\/wp\/v2\/categories?post=50401"},{"taxonomy":"post_tag","embeddable":true,"href":"https:\/\/jornaldeitaipava.com.br\/index.php\/wp-json\/wp\/v2\/tags?post=50401"}],"curies":[{"name":"wp","href":"https:\/\/api.w.org\/{rel}","templated":true}]}}