{"id":50411,"date":"2026-03-11T15:56:54","date_gmt":"2026-03-11T18:56:54","guid":{"rendered":"http:\/\/jornaldeitaipava.com.br\/?p=50411"},"modified":"2026-03-11T15:57:00","modified_gmt":"2026-03-11T18:57:00","slug":"fiocruz-petropolis-e-fampe-oferecem-formacao-gratuita-para-associacoes-de-moradores-e-liderancas-comunitarias","status":"publish","type":"post","link":"https:\/\/jornaldeitaipava.com.br\/index.php\/2026\/03\/11\/fiocruz-petropolis-e-fampe-oferecem-formacao-gratuita-para-associacoes-de-moradores-e-liderancas-comunitarias\/","title":{"rendered":"Fiocruz Petr\u00f3polis e FAMPE oferecem forma\u00e7\u00e3o gratuita para associa\u00e7\u00f5es de moradores e lideran\u00e7as comunit\u00e1rias"},"content":{"rendered":"\n<p class=\"has-text-align-center\"><strong>Curso tratar\u00e1 de gest\u00e3o e procedimentos estatut\u00e1rios, pol\u00edticas p\u00fablicas e participa\u00e7\u00e3o social, entre outros temas. Os participantes ter\u00e3o acesso a certificados<\/strong><\/p>\n\n\n\n<p>O F\u00f3rum Itabora\u00ed: Pol\u00edtica, Ci\u00eancia e Cultura na Sa\u00fade, programa da presid\u00eancia da Fiocruz em Petr\u00f3polis, e a Federa\u00e7\u00e3o das Associa\u00e7\u00f5es de Moradores de Petr\u00f3polis (FAMPE) oferecer\u00e3o, a partir deste m\u00eas de mar\u00e7o, um curso de forma\u00e7\u00e3o para associa\u00e7\u00f5es de moradores e lideran\u00e7as, com o objetivo de fortalecer a organiza\u00e7\u00e3o e a participa\u00e7\u00e3o comunit\u00e1ria. O curso ter\u00e1 dura\u00e7\u00e3o de tr\u00eas meses com in\u00edcio no dia 28 de mar\u00e7o, e aulas quinzenais aos s\u00e1bados, das 8h \u00e0s 13h, no Pal\u00e1cio Itabora\u00ed, no Valpara\u00edso.<br>Os temas a serem abordados incluem a gest\u00e3o e procedimentos estatut\u00e1rios das associa\u00e7\u00f5es e a compreens\u00e3o das pol\u00edticas p\u00fablicas nacionais, estaduais e municipais relacionadas \u00e0 participa\u00e7\u00e3o comunit\u00e1ria. A ementa da forma\u00e7\u00e3o contempla ainda conte\u00fados com foco no fortalecimento da atua\u00e7\u00e3o coletiva nos territ\u00f3rios, que ser\u00e3o apresentados por meio de oficinas, aulas expositivas, din\u00e2micas de Teatro do Oprimido e debates.<br>A iniciativa \u00e9 resultado do primeiro Encontro do F\u00f3rum Itabora\u00ed com a FAMPE e Associa\u00e7\u00f5es de Moradores, realizado no Pal\u00e1cio Itabora\u00ed, em setembro de 2025, que reuniu representantes de diversas comunidades e prop\u00f4s encaminhamentos para o fortalecimento institucional das associa\u00e7\u00f5es.<br>De acordo com o presidente da FAMPE, Paulo Souza, esta forma\u00e7\u00e3o \u00e9 estrat\u00e9gica para qualificar o trabalho das associa\u00e7\u00f5es. \u201cEla tem como objetivo agregar novos conhecimentos e ferramentas para a luta pela garantia dos direitos das comunidades\u201d, afirma. Atualmente, a FAMPE re\u00fane cerca de 40 associa\u00e7\u00f5es de moradores no munic\u00edpio.<br>Para participar da forma\u00e7\u00e3o, \u00e9 necess\u00e1rio fazer a inscri\u00e7\u00e3o at\u00e9 o dia 24 de mar\u00e7o por meio do preenchimento de formul\u00e1rio on-line, dispon\u00edvel no link: https:\/\/forumitaborai.fiocruz.br\/vozesdoterritorio. As vagas s\u00e3o limitadas. O curso emitir\u00e1 certificado para os participantes.<\/p>\n","protected":false},"excerpt":{"rendered":"<p>Curso tratar\u00e1 de gest\u00e3o e procedimentos estatut\u00e1rios, pol\u00edticas p\u00fablicas e participa\u00e7\u00e3o social, entre outros temas.<\/p>\n","protected":false},"author":1,"featured_media":50412,"comment_status":"closed","ping_status":"open","sticky":false,"template":"","format":"standard","meta":{"spay_email":"","footnotes":"","jetpack_publicize_message":""},"categories":[2],"tags":[],"jetpack_featured_media_url":"https:\/\/i1.wp.com\/jornaldeitaipava.com.br\/wp-content\/uploads\/2026\/03\/Palacio-Itaborai_Divulgacao.jpeg?fit=1600%2C898&ssl=1","jetpack_publicize_connections":[],"jetpack_sharing_enabled":true,"jetpack_likes_enabled":true,"jetpack-related-posts":[],"_links":{"self":[{"href":"https:\/\/jornaldeitaipava.com.br\/index.php\/wp-json\/wp\/v2\/posts\/50411"}],"collection":[{"href":"https:\/\/jornaldeitaipava.com.br\/index.php\/wp-json\/wp\/v2\/posts"}],"about":[{"href":"https:\/\/jornaldeitaipava.com.br\/index.php\/wp-json\/wp\/v2\/types\/post"}],"author":[{"embeddable":true,"href":"https:\/\/jornaldeitaipava.com.br\/index.php\/wp-json\/wp\/v2\/users\/1"}],"replies":[{"embeddable":true,"href":"https:\/\/jornaldeitaipava.com.br\/index.php\/wp-json\/wp\/v2\/comments?post=50411"}],"version-history":[{"count":1,"href":"https:\/\/jornaldeitaipava.com.br\/index.php\/wp-json\/wp\/v2\/posts\/50411\/revisions"}],"predecessor-version":[{"id":50413,"href":"https:\/\/jornaldeitaipava.com.br\/index.php\/wp-json\/wp\/v2\/posts\/50411\/revisions\/50413"}],"wp:featuredmedia":[{"embeddable":true,"href":"https:\/\/jornaldeitaipava.com.br\/index.php\/wp-json\/wp\/v2\/media\/50412"}],"wp:attachment":[{"href":"https:\/\/jornaldeitaipava.com.br\/index.php\/wp-json\/wp\/v2\/media?parent=50411"}],"wp:term":[{"taxonomy":"category","embeddable":true,"href":"https:\/\/jornaldeitaipava.com.br\/index.php\/wp-json\/wp\/v2\/categories?post=50411"},{"taxonomy":"post_tag","embeddable":true,"href":"https:\/\/jornaldeitaipava.com.br\/index.php\/wp-json\/wp\/v2\/tags?post=50411"}],"curies":[{"name":"wp","href":"https:\/\/api.w.org\/{rel}","templated":true}]}}