{"id":50414,"date":"2026-03-11T15:58:37","date_gmt":"2026-03-11T18:58:37","guid":{"rendered":"http:\/\/jornaldeitaipava.com.br\/?p=50414"},"modified":"2026-03-11T15:58:45","modified_gmt":"2026-03-11T18:58:45","slug":"projeto-social-pequena-tribo-amplia-atuacao-e-chega-a-mais-uma","status":"publish","type":"post","link":"https:\/\/jornaldeitaipava.com.br\/index.php\/2026\/03\/11\/projeto-social-pequena-tribo-amplia-atuacao-e-chega-a-mais-uma\/","title":{"rendered":"Projeto social Pequena Tribo amplia atua\u00e7\u00e3o e chega a mais uma"},"content":{"rendered":"\n<p>O projeto social Pequena Tribo segue ampliando sua atua\u00e7\u00e3o em Petr\u00f3polis<br>e passa a estar presente em mais uma unidade da rede municipal de<br>ensino. Est\u00e3o abertas as inscri\u00e7\u00f5es para que alunos da Escola Municipal<br>Major J\u00falio Koeler, no bairro Retiro, participem das atividades gratuitas<br>oferecidas no contraturno escolar. A expectativa \u00e9 atender cerca de 40<br>crian\u00e7as, sendo 20 no turno da manh\u00e3 e 20 no turno da tarde. As aulas<br>est\u00e3o previstas para come\u00e7ar no dia 17 de mar\u00e7o.<\/p>\n\n\n\n<p>Mantida pela Organiza\u00e7\u00e3o Vishva Vidya, a Pequena Tribo oferece aulas<br>extracurriculares voltadas ao desenvolvimento integral das crian\u00e7as,<br>reunindo experi\u00eancias culturais, pr\u00e1ticas l\u00fadicas e atividades voltadas ao<br>desenvolvimento socioemocional. A proposta pedag\u00f3gica inovadora une<br>cultura ancestral, saberes coletivos e viv\u00eancias sensoriais, estimulando<br>desde cedo habilidades como criatividade, empatia, autoconhecimento e<br>intelig\u00eancia emocional.<\/p>\n\n\n\n<p>Segundo o idealizador e mantenedor do projeto, o Acharya de Vedanta<br>Jonas Masetti, a expans\u00e3o para mais uma unidade escolar refor\u00e7a o<br>prop\u00f3sito do projeto social. \u201cNosso objetivo sempre foi oferecer \u00e0s crian\u00e7as<br>um espa\u00e7o onde elas possam desenvolver n\u00e3o apenas conhecimento, mas<br>tamb\u00e9m valores humanos fundamentais com base nas culturas ancestrais. A<br>Pequena Tribo nasceu dessa vis\u00e3o de educar para a vida, despertando<br>consci\u00eancia, sensibilidade e respeito desde a inf\u00e2ncia\u201d, afirmou.<\/p>\n\n\n\n<p><strong>Metodologia baseada em culturas ancestrais<br><\/strong>Na Pequena Tribo, a cada semestre, as crian\u00e7as entram em contato com o<br>resgate de uma cultura ancestral, enquanto desenvolvem habilidades<br>socioemocionais por meio de atividades l\u00fadicas e sensoriais. Cada oficina<br>tem como ponto de partida um conto tradicional de diferentes povos. S\u00e3o<br>hist\u00f3rias da cultura ind\u00edgena do Brasil, da tradi\u00e7\u00e3o angolana, da \u00cdndia, dos<br>Estados Unidos e de outras partes do mundo. E a partir delas, os pequenos<br>vivenciam experi\u00eancias que estimulam imagina\u00e7\u00e3o, criatividade e<br>compet\u00eancias socioemocionais.<\/p>\n\n\n\n<p>Entre as pr\u00e1ticas est\u00e3o exerc\u00edcios de respira\u00e7\u00e3o consciente, ritmo e<br>movimento, viv\u00eancias sonoras, conta\u00e7\u00e3o de hist\u00f3rias e atividades art\u00edsticas.<\/p>\n\n\n\n<p>H\u00e1 ainda oficinas como Conex\u00e3o Corpo e Mente, que trabalha postura,<br>respira\u00e7\u00e3o e consci\u00eancia corporal, al\u00e9m de atividades de express\u00e3o art\u00edstica,<br>com dan\u00e7a, m\u00fasica e canto. Outro eixo importante trabalhado na Pequena<br>Tribo s\u00e3o as oficinas voltadas ao desenvolvimento socioemocional, com<br>din\u00e2micas de grupo e pr\u00e1ticas que estimulam empatia, coopera\u00e7\u00e3o e<br>autoconfian\u00e7a.<\/p>\n\n\n\n<p><strong>Educa\u00e7\u00e3o emocional desde a inf\u00e2ncia<br><\/strong>Um dos diferenciais da metodologia \u00e9 o chamado \u201csentimet\u00f4metro\u201d. Todos<br>os dias, ao chegar \u00e0s atividades, cada crian\u00e7a \u00e9 convidada a compartilhar<br>como est\u00e1 se sentindo. A ideia da din\u00e2mica \u00e9 criar um espa\u00e7o de escuta e<br>acolhimento, ajudando os alunos a reconhecer e expressar suas emo\u00e7\u00f5es,<br>al\u00e9m de aprender a respeitar os sentimentos dos colegas.<\/p>\n\n\n\n<p>Para o coordenador do projeto, Rodrigo Ribas, desenvolver intelig\u00eancia<br>emocional desde cedo \u00e9 fundamental para a forma\u00e7\u00e3o dos pequenos.<br>\u201cQuando a crian\u00e7a aprende a reconhecer o que sente e a lidar com suas<br>emo\u00e7\u00f5es, ela desenvolve mais seguran\u00e7a, empatia e capacidade de conviver<br>de forma harm\u00f4nica com outras pessoas. Esse aprendizado impacta n\u00e3o<br>apenas a vida escolar, mas toda a vida dela\u201d, destacou.<\/p>\n\n\n\n<p>Expans\u00e3o do projeto<br>A chegada \u00e0 Escola Municipal Major J\u00falio Koeler representa mais um passo<br>no crescimento da Pequena Tribo, que j\u00e1 atua em outras comunidades da<br>cidade. De acordo com Ribas, a equipe segue em busca de novas parcerias<br>para ampliar o alcance do projeto.<\/p>\n\n\n\n<p>\u201cNosso desejo \u00e9 levar essa metodologia para cada vez mais comunidades.<br>Sabemos o quanto esse trabalho pode impactar positivamente a vida desses<br>meninos e meninas e, por isso, estamos abertos a parcerias que nos<br>ajudem a expandir ainda mais nosso projeto\u201d, afirmou.<\/p>\n\n\n\n<p>Todas as atividades do projeto podem ser acompanhadas na p\u00e1gina do<br>Instagram @pequenatribo.<\/p>\n","protected":false},"excerpt":{"rendered":"<p>O projeto social Pequena Tribo segue ampliando sua atua\u00e7\u00e3o em Petr\u00f3polise passa a estar presente<\/p>\n","protected":false},"author":1,"featured_media":50415,"comment_status":"closed","ping_status":"open","sticky":false,"template":"","format":"standard","meta":{"spay_email":"","footnotes":"","jetpack_publicize_message":""},"categories":[9],"tags":[],"jetpack_featured_media_url":"https:\/\/i0.wp.com\/jornaldeitaipava.com.br\/wp-content\/uploads\/2026\/03\/Sala-de-Aula.jpg?fit=1200%2C957&ssl=1","jetpack_publicize_connections":[],"jetpack_sharing_enabled":true,"jetpack_likes_enabled":true,"jetpack-related-posts":[],"_links":{"self":[{"href":"https:\/\/jornaldeitaipava.com.br\/index.php\/wp-json\/wp\/v2\/posts\/50414"}],"collection":[{"href":"https:\/\/jornaldeitaipava.com.br\/index.php\/wp-json\/wp\/v2\/posts"}],"about":[{"href":"https:\/\/jornaldeitaipava.com.br\/index.php\/wp-json\/wp\/v2\/types\/post"}],"author":[{"embeddable":true,"href":"https:\/\/jornaldeitaipava.com.br\/index.php\/wp-json\/wp\/v2\/users\/1"}],"replies":[{"embeddable":true,"href":"https:\/\/jornaldeitaipava.com.br\/index.php\/wp-json\/wp\/v2\/comments?post=50414"}],"version-history":[{"count":1,"href":"https:\/\/jornaldeitaipava.com.br\/index.php\/wp-json\/wp\/v2\/posts\/50414\/revisions"}],"predecessor-version":[{"id":50416,"href":"https:\/\/jornaldeitaipava.com.br\/index.php\/wp-json\/wp\/v2\/posts\/50414\/revisions\/50416"}],"wp:featuredmedia":[{"embeddable":true,"href":"https:\/\/jornaldeitaipava.com.br\/index.php\/wp-json\/wp\/v2\/media\/50415"}],"wp:attachment":[{"href":"https:\/\/jornaldeitaipava.com.br\/index.php\/wp-json\/wp\/v2\/media?parent=50414"}],"wp:term":[{"taxonomy":"category","embeddable":true,"href":"https:\/\/jornaldeitaipava.com.br\/index.php\/wp-json\/wp\/v2\/categories?post=50414"},{"taxonomy":"post_tag","embeddable":true,"href":"https:\/\/jornaldeitaipava.com.br\/index.php\/wp-json\/wp\/v2\/tags?post=50414"}],"curies":[{"name":"wp","href":"https:\/\/api.w.org\/{rel}","templated":true}]}}