{"id":50417,"date":"2026-03-11T16:07:12","date_gmt":"2026-03-11T19:07:12","guid":{"rendered":"http:\/\/jornaldeitaipava.com.br\/?p=50417"},"modified":"2026-03-11T16:07:15","modified_gmt":"2026-03-11T19:07:15","slug":"vereadora-julia-casamasso-promove-curso-gratuito-para-as-mulheres","status":"publish","type":"post","link":"https:\/\/jornaldeitaipava.com.br\/index.php\/2026\/03\/11\/vereadora-julia-casamasso-promove-curso-gratuito-para-as-mulheres\/","title":{"rendered":"Vereadora J\u00falia Casamasso promove curso gratuito para as mulheres"},"content":{"rendered":"\n<p>O mandato da vereadora J\u00falia Casamasso (PSOL), realizar\u00e1 em Petr\u00f3polis um curso gratuito para as mulheres, com o foco na forma\u00e7\u00e3o em diversos temas como Modelo de Desenvolvimento e Infraestrutura, enfrentamento a viol\u00eancia, trabalho de cuidado e divis\u00e3o sexual do trabalho e sobre a participa\u00e7\u00e3o das mulheres na pol\u00edtica. A iniciativa busca fortalecer a organiza\u00e7\u00e3o das mulheres, ampliar a forma\u00e7\u00e3o pol\u00edtica e transformar experi\u00eancias individuais em consci\u00eancia coletiva e a\u00e7\u00e3o institucional.<br>Ser\u00e3o realizados quatro encontros no formato online, sempre \u00e0s 19h, nos dias 19, 24 e 31 de mar\u00e7o e 3 de abril. A programa\u00e7\u00e3o ser\u00e1 dividida em tr\u00eas aulas tem\u00e1ticas e uma roda de conversa de encerramento com lideran\u00e7as pol\u00edticas nacionais.<\/p>\n\n\n\n<p><strong>Programa\u00e7\u00e3o<\/strong><\/p>\n\n\n\n<p><strong>Enfrentamento \u00e0 Viol\u00eancia contra a Mulher<br><\/strong>O curso ser\u00e1 ministrado pela deputada federal Fernanda Melchionna, que tem atua\u00e7\u00e3o destacada no Congresso Nacional na defesa dos direitos das mulheres, com iniciativas e posicionamentos voltados ao enfrentamento da viol\u00eancia contra as mulheres e \u00e0 amplia\u00e7\u00e3o da participa\u00e7\u00e3o de mulheres na pol\u00edtica. O debate ter\u00e1 como foco transformar experi\u00eancias individuais de viol\u00eancia em consci\u00eancia pol\u00edtica coletiva, fortalecendo o debate sobre a luta estrutural por direitos. Ser\u00e1 abordado o papel do Estado na garantia de pol\u00edticas efetivas.<\/p>\n\n\n\n<p><strong>Modelo de Desenvolvimento e o Impacto na vida das Mulheres<br><\/strong>O encontro contar\u00e1 com a presen\u00e7a de Cec\u00edlia Vieira, advogada e mestra em Teoria e Filosofia do Direito, que atua com assessoria jur\u00eddica popular a povos ind\u00edgenas e comunidades tradicionais atingidas por megaprojetos extrativos e de infraestrutura. A atividade abordar\u00e1 como o modelo de desenvolvimento em curso no pa\u00eds, frequentemente baseado na explora\u00e7\u00e3o intensiva dos territ\u00f3rios, na degrada\u00e7\u00e3o ambiental e na concentra\u00e7\u00e3o de riqueza, impacta diretamente a vida das mulheres. Em muitos contextos, s\u00e3o elas que assumem a linha de frente na defesa dos territ\u00f3rios, da \u00e1gua, da alimenta\u00e7\u00e3o e das condi\u00e7\u00f5es de vida das comunidades.<br>Trabalho de Cuidado e Divis\u00e3o Sexual do Trabalho<br>O encontro discutir\u00e1 a sobrecarga hist\u00f3rica das mulheres no trabalho de cuidado, a divis\u00e3o sexual do trabalho e os impactos nas mulheres, que muitas vezes est\u00e3o exercendo jornadas duplas e triplas. Tamb\u00e9m ser\u00e3o debatidas pol\u00edticas p\u00fablicas de socializa\u00e7\u00e3o do cuidado, como amplia\u00e7\u00e3o de creches e equipamentos p\u00fablicos.<\/p>\n\n\n\n<p><strong>Participa\u00e7\u00e3o das Mulheres na pol\u00edtica<br><\/strong>O \u00faltimo encontro ser\u00e1 uma mesa pol\u00edtica dedicada a discutir os desafios e os avan\u00e7os da presen\u00e7a das mulheres na pol\u00edtica institucional. O debate abordar\u00e1 os obst\u00e1culos hist\u00f3ricos \u00e0 participa\u00e7\u00e3o feminina nos espa\u00e7os de poder, como a desigualdade de acesso a recursos, a viol\u00eancia pol\u00edtica contra as mulheres e a sub-representa\u00e7\u00e3o nos parlamentos. Tamb\u00e9m ser\u00e3o discutidas experi\u00eancias de organiza\u00e7\u00e3o e participa\u00e7\u00e3o das mulheres na constru\u00e7\u00e3o de pol\u00edticas p\u00fablicas, destacando a import\u00e2ncia da presen\u00e7a de mulheres na formula\u00e7\u00e3o de agendas que enfrentem as desigualdades e ampliem direitos.<\/p>\n\n\n\n<p><strong>Atua\u00e7\u00e3o do mandato<br><\/strong>A iniciativa dialoga com o hist\u00f3rico de atua\u00e7\u00e3o da vereadora e da Coletiva Feminista Popular em defesa das mulheres. O mandato tem apresentado projetos, indica\u00e7\u00f5es legislativas e articulado pol\u00edticas p\u00fablicas voltadas ao enfrentamento da viol\u00eancia, \u00e0 amplia\u00e7\u00e3o da rede de prote\u00e7\u00e3o, \u00e0 garantia de creches e \u00e0 valoriza\u00e7\u00e3o do trabalho de cuidado.<br>Para J\u00falia Casamasso, a forma\u00e7\u00e3o pol\u00edtica \u00e9 parte fundamental da transforma\u00e7\u00e3o social. \u201cN\u00e3o existe mudan\u00e7a estrutural sem organiza\u00e7\u00e3o coletiva. As desigualdades que atravessam a vida das mulheres no trabalho, na casa, nos territ\u00f3rios e na pol\u00edtica n\u00e3o s\u00e3o individuais, mas resultado de estruturas econ\u00f4micas e sociais que precisam ser enfrentadas coletivamente. Quando as mulheres compreendem essas ra\u00edzes e se organizam, deixam de ser vistas apenas como v\u00edtimas da desigualdade e passam a se reconhecer como sujeitas pol\u00edticas, capazes de disputar poder, formular propostas e transformar a cidade a partir de suas pr\u00f3prias experi\u00eancias.\u201d, afirma a vereadora.<\/p>\n\n\n\n<p>Inscri\u00e7\u00f5es<br>As inscri\u00e7\u00f5es s\u00e3o gratuitas e devem ser realizadas por meio do link: <a href=\"https:\/\/docs.google.com\/forms\/d\/e\/1FAIpQLSfUWQ9lU3Ke-FOWJ5S3qFmWEHs0NGDnYW32n2Bflid_gMH3qg\/viewform?usp=send_form\" target=\"_blank\" rel=\"noreferrer noopener\">https:\/\/docs.google.com\/forms\/d\/e\/1FAIpQLSfUWQ9lU3Ke-FOWJ5S3qFmWEHs0NGDnYW32n2Bflid_gMH3qg\/viewform?usp=send_form<\/a><\/p>\n","protected":false},"excerpt":{"rendered":"<p>O mandato da vereadora J\u00falia Casamasso (PSOL), realizar\u00e1 em Petr\u00f3polis um curso gratuito para as<\/p>\n","protected":false},"author":1,"featured_media":50418,"comment_status":"closed","ping_status":"open","sticky":false,"template":"","format":"standard","meta":{"spay_email":"","footnotes":"","jetpack_publicize_message":""},"categories":[2],"tags":[],"jetpack_featured_media_url":"https:\/\/i1.wp.com\/jornaldeitaipava.com.br\/wp-content\/uploads\/2026\/03\/WhatsApp-Image-2026-03-11-at-14.33.57.jpeg?fit=1280%2C853&ssl=1","jetpack_publicize_connections":[],"jetpack_sharing_enabled":true,"jetpack_likes_enabled":true,"jetpack-related-posts":[],"_links":{"self":[{"href":"https:\/\/jornaldeitaipava.com.br\/index.php\/wp-json\/wp\/v2\/posts\/50417"}],"collection":[{"href":"https:\/\/jornaldeitaipava.com.br\/index.php\/wp-json\/wp\/v2\/posts"}],"about":[{"href":"https:\/\/jornaldeitaipava.com.br\/index.php\/wp-json\/wp\/v2\/types\/post"}],"author":[{"embeddable":true,"href":"https:\/\/jornaldeitaipava.com.br\/index.php\/wp-json\/wp\/v2\/users\/1"}],"replies":[{"embeddable":true,"href":"https:\/\/jornaldeitaipava.com.br\/index.php\/wp-json\/wp\/v2\/comments?post=50417"}],"version-history":[{"count":1,"href":"https:\/\/jornaldeitaipava.com.br\/index.php\/wp-json\/wp\/v2\/posts\/50417\/revisions"}],"predecessor-version":[{"id":50419,"href":"https:\/\/jornaldeitaipava.com.br\/index.php\/wp-json\/wp\/v2\/posts\/50417\/revisions\/50419"}],"wp:featuredmedia":[{"embeddable":true,"href":"https:\/\/jornaldeitaipava.com.br\/index.php\/wp-json\/wp\/v2\/media\/50418"}],"wp:attachment":[{"href":"https:\/\/jornaldeitaipava.com.br\/index.php\/wp-json\/wp\/v2\/media?parent=50417"}],"wp:term":[{"taxonomy":"category","embeddable":true,"href":"https:\/\/jornaldeitaipava.com.br\/index.php\/wp-json\/wp\/v2\/categories?post=50417"},{"taxonomy":"post_tag","embeddable":true,"href":"https:\/\/jornaldeitaipava.com.br\/index.php\/wp-json\/wp\/v2\/tags?post=50417"}],"curies":[{"name":"wp","href":"https:\/\/api.w.org\/{rel}","templated":true}]}}