{"id":50420,"date":"2026-03-11T16:08:47","date_gmt":"2026-03-11T19:08:47","guid":{"rendered":"http:\/\/jornaldeitaipava.com.br\/?p=50420"},"modified":"2026-03-11T16:08:50","modified_gmt":"2026-03-11T19:08:50","slug":"espetaculo-historias-que-meu-avo-contava-convida-publico-para-viagem-pelo-imaginario-popular-neste-sabado","status":"publish","type":"post","link":"https:\/\/jornaldeitaipava.com.br\/index.php\/2026\/03\/11\/espetaculo-historias-que-meu-avo-contava-convida-publico-para-viagem-pelo-imaginario-popular-neste-sabado\/","title":{"rendered":"Espet\u00e1culo \u201cHist\u00f3rias que meu Av\u00f4 Contava\u201d convida p\u00fablico para viagem pelo imagin\u00e1rio popular neste s\u00e1bado"},"content":{"rendered":"\n<p class=\"has-text-align-center\"><strong>Com apresenta\u00e7\u00e3o gratuita, no Shopping Vilarejo, espet\u00e1culo re\u00fane contos inspirados em tradi\u00e7\u00f5es do Brasil, \u00c1frica e Oriente<\/strong><\/p>\n\n\n\n<p>Antes mesmo de existir televis\u00e3o, celular ou internet, as hist\u00f3rias j\u00e1 viajavam pelo mundo, de boca em boca, de av\u00f4 para neto, de contador para ouvinte. Eram elas que despertavam a imagina\u00e7\u00e3o, transmitiam saberes e criavam la\u00e7os entre pessoas. \u00c9 justamente esse universo de mem\u00f3rias, can\u00e7\u00f5es e narrativas que ganha vida no espet\u00e1culo \u201cHist\u00f3rias que meu Av\u00f4 Contava\u201d, que ser\u00e1 apresentado gratuitamente neste s\u00e1bado (14), \u00e0s 16h, no Shopping Vilarejo.<\/p>\n\n\n\n<p>O projeto nasceu com o prop\u00f3sito de resgatar a tradi\u00e7\u00e3o da oralidade e partilhar saberes por meio dos contos populares. Ao dividir uma hist\u00f3ria, abre-se espa\u00e7o para revisitar o imagin\u00e1rio coletivo e experimentar diferentes maneiras de enxergar o mundo. A proposta convida o p\u00fablico a embarcar em narrativas ricas em mem\u00f3rias e experi\u00eancias, capazes de conduzir os ouvintes por paisagens desconhecidas, texturas imaginadas e can\u00e7\u00f5es guardadas em algum canto da mem\u00f3ria.<\/p>\n\n\n\n<p>Com dura\u00e7\u00e3o de cerca de 50 minutos, o espet\u00e1culo re\u00fane tr\u00eas contos inspirados em diferentes culturas, conduzindo o p\u00fablico por universos simb\u00f3licos distintos. Em \u201cO Rouxinol e o Imperador\u201d, conto de origem oriental, a beleza do canto de um p\u00e1ssaro tem o poder de abrandar o cora\u00e7\u00e3o de um imperador amargurado. J\u00e1 \u201cO Pescador e a Sereia\u201d, inspirado na tradi\u00e7\u00e3o oral brasileira, mergulha na intensidade do mar para contar a hist\u00f3ria de um homem que sonha unir-se \u00e0 sua amada em uma promessa de amor. Encerrando a jornada, \u201cOs Tr\u00eas Gr\u00e3os\u201d, conto de origem africana marcado pela for\u00e7a da terra, apresenta uma reflex\u00e3o sobre \u00e9tica e sabedoria ao narrar o curioso m\u00e9todo usado por um l\u00edder para escolher seu sucessor.<\/p>\n\n\n\n<p>No palco, os atores e arte-educadores D\u00e9bora Normandes e Vinicius Domingues conduzem as hist\u00f3rias utilizando express\u00e3o corporal, m\u00fasica e instrumentos que ajudam a construir as atmosferas de cada narrativa. A proposta \u00e9 criar uma experi\u00eancia sensorial e afetiva, em que narrador e p\u00fablico compartilham viv\u00eancias, emo\u00e7\u00f5es e aprendizados.<\/p>\n\n\n\n<p>Embora tenha sido pensado originalmente para crian\u00e7as e adolescentes, o espet\u00e1culo fala ao cora\u00e7\u00e3o de pessoas de todas as idades. Desde sua estreia, o projeto j\u00e1 percorreu 11 unidades do Sesc, al\u00e9m de teatros, festivais, bibliotecas, escolas e livrarias, ultrapassando a marca de 100 apresenta\u00e7\u00f5es e sendo recebido com carinho por diferentes p\u00fablicos.<\/p>\n\n\n\n<p>Em tempos em que grande parte das intera\u00e7\u00f5es acontece por meio de telas, a proposta do projeto \u00e9 valorizar o encontro entre quem narra e quem ouve, recuperando o poder da palavra compartilhada e da escuta coletiva. \u201cNosso objetivo \u00e9 proporcionar momentos de encontro e conviv\u00eancia para as fam\u00edlias. Eventos como esse estimulam a imagina\u00e7\u00e3o das crian\u00e7as, despertam mem\u00f3rias nos adultos e criam oportunidades para que todos compartilhem juntos uma experi\u00eancia cultural leve e significativa\u201d, afirma Tiago Corr\u00eaa, administrador do Shopping Vilarejo.<\/p>\n\n\n\n<p>Servi\u00e7o: Espet\u00e1culo \u201cHist\u00f3rias que meu Av\u00f4 Contava\u201d<br>Data: 14 de mar\u00e7o<br>Hora: 16h<br>Evento gratuito<br>Local: Shopping Vilarejo \u2014 Estrada Uni\u00e3o e Ind\u00fastria, 10.035 \u2013 Itaipava<br>Mais informa\u00e7\u00f5es: @shoppingvilarejo<\/p>\n","protected":false},"excerpt":{"rendered":"<p>Com apresenta\u00e7\u00e3o gratuita, no Shopping Vilarejo, espet\u00e1culo re\u00fane contos inspirados em tradi\u00e7\u00f5es do Brasil, \u00c1frica<\/p>\n","protected":false},"author":1,"featured_media":50421,"comment_status":"closed","ping_status":"open","sticky":false,"template":"","format":"standard","meta":{"spay_email":"","footnotes":"","jetpack_publicize_message":""},"categories":[1],"tags":[],"jetpack_featured_media_url":"https:\/\/i2.wp.com\/jornaldeitaipava.com.br\/wp-content\/uploads\/2026\/03\/WhatsApp-Image-2026-03-11-at-13.39.34.jpeg?fit=499%2C433&ssl=1","jetpack_publicize_connections":[],"jetpack_sharing_enabled":true,"jetpack_likes_enabled":true,"jetpack-related-posts":[],"_links":{"self":[{"href":"https:\/\/jornaldeitaipava.com.br\/index.php\/wp-json\/wp\/v2\/posts\/50420"}],"collection":[{"href":"https:\/\/jornaldeitaipava.com.br\/index.php\/wp-json\/wp\/v2\/posts"}],"about":[{"href":"https:\/\/jornaldeitaipava.com.br\/index.php\/wp-json\/wp\/v2\/types\/post"}],"author":[{"embeddable":true,"href":"https:\/\/jornaldeitaipava.com.br\/index.php\/wp-json\/wp\/v2\/users\/1"}],"replies":[{"embeddable":true,"href":"https:\/\/jornaldeitaipava.com.br\/index.php\/wp-json\/wp\/v2\/comments?post=50420"}],"version-history":[{"count":1,"href":"https:\/\/jornaldeitaipava.com.br\/index.php\/wp-json\/wp\/v2\/posts\/50420\/revisions"}],"predecessor-version":[{"id":50422,"href":"https:\/\/jornaldeitaipava.com.br\/index.php\/wp-json\/wp\/v2\/posts\/50420\/revisions\/50422"}],"wp:featuredmedia":[{"embeddable":true,"href":"https:\/\/jornaldeitaipava.com.br\/index.php\/wp-json\/wp\/v2\/media\/50421"}],"wp:attachment":[{"href":"https:\/\/jornaldeitaipava.com.br\/index.php\/wp-json\/wp\/v2\/media?parent=50420"}],"wp:term":[{"taxonomy":"category","embeddable":true,"href":"https:\/\/jornaldeitaipava.com.br\/index.php\/wp-json\/wp\/v2\/categories?post=50420"},{"taxonomy":"post_tag","embeddable":true,"href":"https:\/\/jornaldeitaipava.com.br\/index.php\/wp-json\/wp\/v2\/tags?post=50420"}],"curies":[{"name":"wp","href":"https:\/\/api.w.org\/{rel}","templated":true}]}}