{"id":50423,"date":"2026-03-11T16:10:59","date_gmt":"2026-03-11T19:10:59","guid":{"rendered":"http:\/\/jornaldeitaipava.com.br\/?p=50423"},"modified":"2026-03-11T16:11:03","modified_gmt":"2026-03-11T19:11:03","slug":"feira-cores-e-sabores-promove-edicao-especial-do-mes-da-mulher-no-vale-das-videiras","status":"publish","type":"post","link":"https:\/\/jornaldeitaipava.com.br\/index.php\/2026\/03\/11\/feira-cores-e-sabores-promove-edicao-especial-do-mes-da-mulher-no-vale-das-videiras\/","title":{"rendered":"Feira Cores e Sabores promove edi\u00e7\u00e3o especial do M\u00eas da Mulher no Vale das Videiras"},"content":{"rendered":"\n<p class=\"has-text-align-center\"><strong>Evento gratuito ter\u00e1 produtos artesanais, gastronomia local e show de Liza K<\/strong><\/p>\n\n\n\n<p>A Feira Cores e Sabores realizar\u00e1 no dia 21 de mar\u00e7o uma edi\u00e7\u00e3o especial dedicada ao M\u00eas da Mulher, no Vale das Videiras, em Petr\u00f3polis. O evento acontece das 10h \u00e0s 15h, no Centro do Vale, com entrada gratuita.<\/p>\n\n\n\n<p>Organizada pelo Movimento Vale das Videiras em Transi\u00e7\u00e3o, a feira re\u00fane produtores e artes\u00e3os da regi\u00e3o e oferece ao p\u00fablico alimentos, produtos artesanais e atra\u00e7\u00f5es culturais. Nesta edi\u00e7\u00e3o especial, a programa\u00e7\u00e3o ter\u00e1 destaque para expositoras e artistas mulheres.<\/p>\n\n\n\n<p>Para a coordenadora da feira, Maria Sonia Pinho, al\u00e9m de uma homenagem, a escolha dialoga com o papel hist\u00f3rico das mulheres na forma\u00e7\u00e3o das feiras e das pr\u00e1ticas de troca entre comunidades. \u201cDesde os tempos mais remotos, foram as mulheres que come\u00e7aram a cultivar alimentos, cuidar da terra e organizar as trocas entre vizinhos. Ali nasciam as primeiras formas de com\u00e9rcio, \u00e0 porta das casas, em pequenas trocas que mais tarde ocupariam ruas e pra\u00e7as. De certa forma, as feiras de hoje carregam esse mesmo esp\u00edrito. A nossa feira tem mulheres extraordin\u00e1rias, guerreiras e resilientes, que cultivam seus quintais e terreiros com dedica\u00e7\u00e3o. Aqui, todos os s\u00e1bados s\u00e3o dedicados \u00e0 vitalidade e \u00e0 vida, e este, em especial, \u00e0s mulheres\u201d, afirma.<\/p>\n\n\n\n<p>Entre as expositoras desta edi\u00e7\u00e3o est\u00e1 Daniela Loos, da marca Daniela Loos Saboaria Artesanal. Ap\u00f3s 22 anos trabalhando como banc\u00e1ria, ela decidiu mudar de profiss\u00e3o durante a pandemia e encontrou na saboaria artesanal um novo caminho. \u201cComecei a questionar o sentido da minha vida. Em um passeio, entrei em uma loja de sabonetes e, entre cores e aromas, tive a certeza de que era aquilo que eu queria fazer\u201d, conta.<\/p>\n\n\n\n<p>Hoje, Daniela produz sabonetes artesanais e tamb\u00e9m oferece cursos na \u00e1rea. Entre os itens mais procurados na Cores e Sabores est\u00e3o os sabonetes com bucha vegetal, que funcionam como esfoliantes naturais, al\u00e9m de fragr\u00e2ncias c\u00edtricas como capim-lim\u00e3o e alecrim.<\/p>\n\n\n\n<p>\u00c2ngela Lima, respons\u00e1vel pela marca Salarium Avatar, tamb\u00e9m marcar\u00e1 presen\u00e7a no evento. Produtora rural, artes\u00e3 e escritora, ela mora no Vale das Videiras desde 1999 e desenvolve sais gourmet, ervas e especiarias a partir de plantas cultivadas por ela ou por produtores parceiros da regi\u00e3o.<\/p>\n\n\n\n<p>\u201cMinha marca nasceu da viv\u00eancia na fazenda, depois na ch\u00e1cara e tamb\u00e9m no hotel dos meus av\u00f3s. As plantas medicinais, inclusive usadas na culin\u00e1ria, representam uma das primeiras rela\u00e7\u00f5es da humanidade com a medicina\u201d, explica.<\/p>\n\n\n\n<p>Segundo a produtora rural, muitos dos temperos presentes nas cozinhas do mundo passaram a ser utilizados justamente pelos seus benef\u00edcios \u00e0 sa\u00fade. \u201cOs sais gourmet e as ervas de ax\u00e9 carregam essa tradi\u00e7\u00e3o. Gosto de dizer que cozinho com alma e com calma\u201d, afirma.<\/p>\n\n\n\n<p>\u00c2ngela tamb\u00e9m \u00e9 conhecida no Vale das Videiras por conduzir o tradicional banho de ax\u00e9, realizado no final de cada ano como um ritual coletivo de renova\u00e7\u00e3o de energias.<\/p>\n\n\n\n<p><strong>Homenagem \u00e0s mulheres<\/strong><\/p>\n\n\n\n<p>Al\u00e9m de prestigiar mais de 15 expositores locais, o p\u00fablico poder\u00e1 curtir e dan\u00e7ar ao som de Liza K, cantautora, musicoterapeuta e baixista do Bloco Mulheres de Chico, que presentear\u00e1 o p\u00fablico com um repert\u00f3rio de peso. Ser\u00e3o dois sets, em formato voz e viol\u00e3o, reunindo can\u00e7\u00f5es da MPB, como Rita Lee, Joyce, Milton Nascimento e Chico Buarque, al\u00e9m de composi\u00e7\u00f5es autorais, todas elas homenageando o universo feminino.<\/p>\n\n\n\n<p><strong>Mais sobre a Cores e Sabores<\/strong><\/p>\n\n\n\n<p>Criada em 2018, a Feira Cores e Sabores acontece regularmente aos s\u00e1bados, das 10h \u00e0s 15h, e re\u00fane produtores artesanais, rurais e regionais da serra fluminense, oferecendo hortali\u00e7as org\u00e2nicas, queijos, compotas, sabonetes, cer\u00e2micas, cervejas artesanais e outros produtos feitos na regi\u00e3o, priorizando a venda direta do produtor ao consumidor.<\/p>\n\n\n\n<p>Ao longo dos anos, o evento se consolidou como um espa\u00e7o de conviv\u00eancia entre moradores e visitantes, reunindo produtos artesanais e apresenta\u00e7\u00f5es musicais em meio \u00e0 natureza do Vale das Videiras.<\/p>\n\n\n\n<p>Servi\u00e7o &#8211; Cores e Sabores | Edi\u00e7\u00e3o Especial em comemora\u00e7\u00e3o ao M\u00eas da Mulher<br>Data: 21 de mar\u00e7o (s\u00e1bado)<br>Hor\u00e1rio: 10h \u00e0s 15h<br>Local: \u201cCentrinho\u201d do Vale das Videiras &#8211; Petr\u00f3polis (RJ)<br>Entrada gratuita<br>Realiza\u00e7\u00e3o: Movimento Vale das Videiras em Transi\u00e7\u00e3o<br>Apoio: Associa\u00e7\u00e3o dos Amigos do Vale das Videiras (AMAVALE)<br>Coordena\u00e7\u00e3o: Maria Sonia Pinho<br>Assessoria de Imprensa: Aghata Paredes (24) 99268-0022<\/p>\n","protected":false},"excerpt":{"rendered":"<p>Evento gratuito ter\u00e1 produtos artesanais, gastronomia local e show de Liza K A Feira Cores<\/p>\n","protected":false},"author":1,"featured_media":50424,"comment_status":"closed","ping_status":"open","sticky":false,"template":"","format":"standard","meta":{"spay_email":"","footnotes":"","jetpack_publicize_message":""},"categories":[42],"tags":[],"jetpack_featured_media_url":"https:\/\/i2.wp.com\/jornaldeitaipava.com.br\/wp-content\/uploads\/2026\/03\/WhatsApp-Image-2026-03-11-at-12.59.15.jpeg?fit=1600%2C900&ssl=1","jetpack_publicize_connections":[],"jetpack_sharing_enabled":true,"jetpack_likes_enabled":true,"jetpack-related-posts":[],"_links":{"self":[{"href":"https:\/\/jornaldeitaipava.com.br\/index.php\/wp-json\/wp\/v2\/posts\/50423"}],"collection":[{"href":"https:\/\/jornaldeitaipava.com.br\/index.php\/wp-json\/wp\/v2\/posts"}],"about":[{"href":"https:\/\/jornaldeitaipava.com.br\/index.php\/wp-json\/wp\/v2\/types\/post"}],"author":[{"embeddable":true,"href":"https:\/\/jornaldeitaipava.com.br\/index.php\/wp-json\/wp\/v2\/users\/1"}],"replies":[{"embeddable":true,"href":"https:\/\/jornaldeitaipava.com.br\/index.php\/wp-json\/wp\/v2\/comments?post=50423"}],"version-history":[{"count":1,"href":"https:\/\/jornaldeitaipava.com.br\/index.php\/wp-json\/wp\/v2\/posts\/50423\/revisions"}],"predecessor-version":[{"id":50425,"href":"https:\/\/jornaldeitaipava.com.br\/index.php\/wp-json\/wp\/v2\/posts\/50423\/revisions\/50425"}],"wp:featuredmedia":[{"embeddable":true,"href":"https:\/\/jornaldeitaipava.com.br\/index.php\/wp-json\/wp\/v2\/media\/50424"}],"wp:attachment":[{"href":"https:\/\/jornaldeitaipava.com.br\/index.php\/wp-json\/wp\/v2\/media?parent=50423"}],"wp:term":[{"taxonomy":"category","embeddable":true,"href":"https:\/\/jornaldeitaipava.com.br\/index.php\/wp-json\/wp\/v2\/categories?post=50423"},{"taxonomy":"post_tag","embeddable":true,"href":"https:\/\/jornaldeitaipava.com.br\/index.php\/wp-json\/wp\/v2\/tags?post=50423"}],"curies":[{"name":"wp","href":"https:\/\/api.w.org\/{rel}","templated":true}]}}