{"id":50435,"date":"2026-03-11T16:24:03","date_gmt":"2026-03-11T19:24:03","guid":{"rendered":"http:\/\/jornaldeitaipava.com.br\/?p=50435"},"modified":"2026-03-11T16:24:09","modified_gmt":"2026-03-11T19:24:09","slug":"cesta-cheia-familia-feliz-prefeitura-faz-segunda-chamada-para-entrega-dos-novos-cartoes","status":"publish","type":"post","link":"https:\/\/jornaldeitaipava.com.br\/index.php\/2026\/03\/11\/cesta-cheia-familia-feliz-prefeitura-faz-segunda-chamada-para-entrega-dos-novos-cartoes\/","title":{"rendered":"Cesta Cheia, Fam\u00edlia Feliz: Prefeitura faz segunda chamada para entrega dos novos cart\u00f5es"},"content":{"rendered":"\n<p class=\"has-text-align-center\"><strong>Fam\u00edlias que n\u00e3o conseguiram receber o cart\u00e3o na semana passada t\u00eam mais uma oportunidade at\u00e9 a pr\u00f3xima sexta (13\/03)<\/strong><\/p>\n\n\n\n<p>A Prefeitura est\u00e1 fazendo uma segunda chamada para entrega dos novos cart\u00f5es do programa Cesta Cheia, Fam\u00edlia Feliz. No total, 1.509 fam\u00edlias que n\u00e3o conseguiram receber o cart\u00e3o na semana passada t\u00eam mais uma oportunidade at\u00e9 a pr\u00f3xima sexta-feira (13\/03). S\u00e3o seis pontos de atendimento, com funcionamento das 09h \u00e0s 16h: Centro de Cultura Raul de Leoni e os Cras Posse, Itaipava, Correas, Quitandinha e Independ\u00eancia. O benefici\u00e1rio deve comparecer ao local indicado com CPF e um documento de identifica\u00e7\u00e3o oficial com foto.<\/p>\n\n\n\n<p>O Cesta Cheia, Fam\u00edlia Feliz tem o objetivo de combater a inseguran\u00e7a alimentar no munic\u00edpio. O programa mais de quatro mil benefici\u00e1rios, que recebem um aux\u00edlio de R$ 120 por m\u00eas destinado para aquisi\u00e7\u00e3o de alimentos. O investimento do munic\u00edpio em 2025 foi de cerca de R$ 5,5 milh\u00f5es.<\/p>\n\n\n\n<p>&#8220;Esse \u00e9 um programa fundamental para cuidar das fam\u00edlias que enfrentam inseguran\u00e7a alimentar. Estamos entregando novos cart\u00f5es, que passam a ser aceitos em mais estabelecimentos da cidade toda, o que vai dar ainda mais comodidade para as fam\u00edlias fazerem suas compras. Vamos continuar trabalhando para ampliar as pol\u00edticas de assist\u00eancia social&#8221;, destacou o prefeito Hingo Hammes.<\/p>\n\n\n\n<p>Com o novo cart\u00e3o, os benefici\u00e1rios poder\u00e3o fazer compras em 165 estabelecimentos, como supermercados, mercadinhos, mercearias, padarias, a\u00e7ougue, sacol\u00e3o e hortifruti.<\/p>\n\n\n\n<p>&#8220;N\u00f3s fizemos uma primeira convoca\u00e7\u00e3o dos benefici\u00e1rios na semana passada, incluindo um mutir\u00e3o no s\u00e1bado passado em v\u00e1rios locais, mas para quem n\u00e3o conseguiu receber os cart\u00f5es, estamos chamando todas as pessoas novamente para comparecer ou no Centro de Cultura ou em cinco unidades do Cras. O Cesta Cheia, Fam\u00edlia Feliz \u00e9 um programa important\u00edssimo na nossa cidade&#8221;, disse o secret\u00e1rio de Assist\u00eancia Social, Wesley Barreto.<\/p>\n\n\n\n<p><strong>Segunda chamada de entrega dos novos cart\u00f5es do programa Cesta Cheia, Fam\u00edlia Feliz<\/strong><\/p>\n\n\n\n<p>Data e hor\u00e1rio: at\u00e9 sexta-feira (13\/03), das 09h \u00e0s 16h<\/p>\n\n\n\n<p><strong>Benefici\u00e1rios das comunidades: 24 de Maio, Alcobacinha, Alto da Serra, At\u00edlio Marotti, Bairro Castrioto, Bairro Esperan\u00e7a, Bataillard, Bela Vista, Bingen, Boa Vista, Capela, Carangola, Cascatinha, Castel\u00e2nea, Caxambu, Centro, Ch\u00e1cara Flora, Comunidade do Alem\u00e3o, Comunidade do Neylor, Comunidade S\u00e3o Luiz, Contorno, Duarte da Silveira, Duchas, Estrada da Saudade, Fazenda Inglesa, Floresta, Itamarati, Jardim Salvador, Max Manoel Molter, Meio da Serra, Moinho Preto, Morin, Mosela, Nova Alian\u00e7a, Nova Cascatinha, Oswaldo Cruz, Pedras Brancas, Professor Jo\u00e3o de Deus, Quarteir\u00e3o Brasileiro, Quarteir\u00e3o Ingelheim, Quissam\u00e3, Retiro, Roseiral, Samambaia, S\u00e3o Sebasti\u00e3o, Sargento Boening, Sim\u00e9ria, Vale do Carangola, Vale dos Esquilos, Valpara\u00edso, Vila Felipe, Vila Militar e Vila S\u00e3o Jos\u00e9<br><\/strong>Local: Centro de Cultura Raul de Leoni<br>Endere\u00e7o: Pra\u00e7a Visconde de Mau\u00e1, 305 (T\u00e9rreo) &#8211; Centro<\/p>\n\n\n\n<p>Benefici\u00e1rios das comunidades: Brejal, Posse e Taquaril<br>Local: Cras Posse<br>Endere\u00e7o: Estrada Uni\u00e3o Ind\u00fastria, s\/n &#8211; ao lado do Ciep Gabriela Mistral (CEU da Posse)<\/p>\n\n\n\n<p><strong>Benefici\u00e1rios das comunidades: Araras, Barra Mansa, Cuiab\u00e1, Itaipava, Lajinha, Madame Machado, Manga Larga, Pedro do Rio, Secret\u00e1rio, Vila Leopoldina e Vila Rica<br><\/strong>Local: Cras Itaipava (Centro de Cidadania Desembargador Jorge Loretti)<br>Endere\u00e7o: Estrada Uni\u00e3o Ind\u00fastria, 11.860 &#8211; pr\u00f3ximo ao Terminal Itaipava<\/p>\n\n\n\n<p><strong>Benefici\u00e1rios das comunidades: \u00c1guas Lindas, Bairro da Gl\u00f3ria, Bonfim, Bonsucesso, Caititu, Castelo S\u00e3o Manoel, Corr\u00eaas, Estrada Mineira, Nogueira e Vista Alegre<br><\/strong>Local: Cras Corr\u00eaas<br>Endere\u00e7o: Rua Vig\u00e1rio Correa, 443 (Corr\u00eaas)<\/p>\n\n\n\n<p><strong>Benefici\u00e1rios das comunidades: Dr. Thouzet, Duques e Quitandinha<br><\/strong>Local: Cras Quitandinha<br>Endere\u00e7o: Rua Alagoas, s\/n &#8211; ao lado do Posto de Sa\u00fade<\/p>\n\n\n\n<p><strong>Benefici\u00e1rios das comunidades: Bairro Mau\u00e1, Cremerie, Independ\u00eancia e Taquara<br><\/strong>Local: Cras Independ\u00eancia<br>Endere\u00e7o: Rua Jos\u00e9 Lino Pai, s\/n &#8211; pr\u00f3ximo da UBS Independ\u00eancia<\/p>\n","protected":false},"excerpt":{"rendered":"<p>Fam\u00edlias que n\u00e3o conseguiram receber o cart\u00e3o na semana passada t\u00eam mais uma oportunidade at\u00e9<\/p>\n","protected":false},"author":1,"featured_media":35279,"comment_status":"closed","ping_status":"open","sticky":false,"template":"","format":"standard","meta":{"spay_email":"","footnotes":"","jetpack_publicize_message":""},"categories":[2],"tags":[],"jetpack_featured_media_url":"https:\/\/i1.wp.com\/jornaldeitaipava.com.br\/wp-content\/uploads\/2023\/06\/CESTA-MERCADO.png?fit=1026%2C593&ssl=1","jetpack_publicize_connections":[],"jetpack_sharing_enabled":true,"jetpack_likes_enabled":true,"jetpack-related-posts":[],"_links":{"self":[{"href":"https:\/\/jornaldeitaipava.com.br\/index.php\/wp-json\/wp\/v2\/posts\/50435"}],"collection":[{"href":"https:\/\/jornaldeitaipava.com.br\/index.php\/wp-json\/wp\/v2\/posts"}],"about":[{"href":"https:\/\/jornaldeitaipava.com.br\/index.php\/wp-json\/wp\/v2\/types\/post"}],"author":[{"embeddable":true,"href":"https:\/\/jornaldeitaipava.com.br\/index.php\/wp-json\/wp\/v2\/users\/1"}],"replies":[{"embeddable":true,"href":"https:\/\/jornaldeitaipava.com.br\/index.php\/wp-json\/wp\/v2\/comments?post=50435"}],"version-history":[{"count":1,"href":"https:\/\/jornaldeitaipava.com.br\/index.php\/wp-json\/wp\/v2\/posts\/50435\/revisions"}],"predecessor-version":[{"id":50436,"href":"https:\/\/jornaldeitaipava.com.br\/index.php\/wp-json\/wp\/v2\/posts\/50435\/revisions\/50436"}],"wp:featuredmedia":[{"embeddable":true,"href":"https:\/\/jornaldeitaipava.com.br\/index.php\/wp-json\/wp\/v2\/media\/35279"}],"wp:attachment":[{"href":"https:\/\/jornaldeitaipava.com.br\/index.php\/wp-json\/wp\/v2\/media?parent=50435"}],"wp:term":[{"taxonomy":"category","embeddable":true,"href":"https:\/\/jornaldeitaipava.com.br\/index.php\/wp-json\/wp\/v2\/categories?post=50435"},{"taxonomy":"post_tag","embeddable":true,"href":"https:\/\/jornaldeitaipava.com.br\/index.php\/wp-json\/wp\/v2\/tags?post=50435"}],"curies":[{"name":"wp","href":"https:\/\/api.w.org\/{rel}","templated":true}]}}