{"id":50437,"date":"2026-03-11T16:32:55","date_gmt":"2026-03-11T19:32:55","guid":{"rendered":"http:\/\/jornaldeitaipava.com.br\/?p=50437"},"modified":"2026-03-11T16:32:59","modified_gmt":"2026-03-11T19:32:59","slug":"homem-e-preso-por-descumprir-medida-protetiva-e-ameacar-a-propria-irma","status":"publish","type":"post","link":"https:\/\/jornaldeitaipava.com.br\/index.php\/2026\/03\/11\/homem-e-preso-por-descumprir-medida-protetiva-e-ameacar-a-propria-irma\/","title":{"rendered":"HOMEM \u00c9 PRESO POR DESCUMPRIR MEDIDA PROTETIVA E AMEA\u00c7AR A PR\u00d3PRIA IRM\u00c3"},"content":{"rendered":"\n<p>Na manh\u00e3 desta quarta-feira (11\/03), policiais militares da Patrulha Maria da Penha do 26\u00ba BPM, com apoio do Servi\u00e7o Reservado (P2), prenderam um homem de 38 anos no bairro Independ\u00eancia, em Petr\u00f3polis.<\/p>\n\n\n\n<p>A a\u00e7\u00e3o teve in\u00edcio ap\u00f3s uma mulher de 40 anos procurar atendimento na Sala Lil\u00e1s, relatando que seu irm\u00e3o vinha descumprindo medida protetiva e realizando amea\u00e7as de morte por meio de mensagens enviadas pelo WhatsApp, afirmando inclusive que colocaria fogo em seu corpo.<\/p>\n\n\n\n<p>A v\u00edtima relatou ainda que j\u00e1 havia sido agredida anteriormente pelo irm\u00e3o e que o autor utilizava o nome de criminosos ligados ao tr\u00e1fico da comunidade para refor\u00e7ar as amea\u00e7as. Segundo o relato, a mulher chegou a ser expulsa da comunidade por ordem de criminosos locais.<\/p>\n\n\n\n<p>Ap\u00f3s dilig\u00eancias realizadas pela Patrulha Maria da Penha e equipe reservada, os policiais localizaram o acusado no interior da resid\u00eancia da fam\u00edlia, onde foi detido e conduzido \u00e0 delegacia.<\/p>\n\n\n\n<p>O homem permaneceu preso pelo crime de descumprimento de medida protetiva, no \u00e2mbito da Lei Maria da Penha, e o caso foi registrado para as medidas cab\u00edveis.<\/p>\n","protected":false},"excerpt":{"rendered":"<p>Na manh\u00e3 desta quarta-feira (11\/03), policiais militares da Patrulha Maria da Penha do 26\u00ba BPM,<\/p>\n","protected":false},"author":1,"featured_media":454,"comment_status":"closed","ping_status":"open","sticky":false,"template":"","format":"standard","meta":{"spay_email":"","footnotes":"","jetpack_publicize_message":""},"categories":[2],"tags":[],"jetpack_featured_media_url":"https:\/\/i2.wp.com\/jornaldeitaipava.com.br\/wp-content\/uploads\/2020\/08\/PLANTAO-POLICIAL-VINHETA.jpg?fit=400%2C172&ssl=1","jetpack_publicize_connections":[],"jetpack_sharing_enabled":true,"jetpack_likes_enabled":true,"jetpack-related-posts":[],"_links":{"self":[{"href":"https:\/\/jornaldeitaipava.com.br\/index.php\/wp-json\/wp\/v2\/posts\/50437"}],"collection":[{"href":"https:\/\/jornaldeitaipava.com.br\/index.php\/wp-json\/wp\/v2\/posts"}],"about":[{"href":"https:\/\/jornaldeitaipava.com.br\/index.php\/wp-json\/wp\/v2\/types\/post"}],"author":[{"embeddable":true,"href":"https:\/\/jornaldeitaipava.com.br\/index.php\/wp-json\/wp\/v2\/users\/1"}],"replies":[{"embeddable":true,"href":"https:\/\/jornaldeitaipava.com.br\/index.php\/wp-json\/wp\/v2\/comments?post=50437"}],"version-history":[{"count":1,"href":"https:\/\/jornaldeitaipava.com.br\/index.php\/wp-json\/wp\/v2\/posts\/50437\/revisions"}],"predecessor-version":[{"id":50438,"href":"https:\/\/jornaldeitaipava.com.br\/index.php\/wp-json\/wp\/v2\/posts\/50437\/revisions\/50438"}],"wp:featuredmedia":[{"embeddable":true,"href":"https:\/\/jornaldeitaipava.com.br\/index.php\/wp-json\/wp\/v2\/media\/454"}],"wp:attachment":[{"href":"https:\/\/jornaldeitaipava.com.br\/index.php\/wp-json\/wp\/v2\/media?parent=50437"}],"wp:term":[{"taxonomy":"category","embeddable":true,"href":"https:\/\/jornaldeitaipava.com.br\/index.php\/wp-json\/wp\/v2\/categories?post=50437"},{"taxonomy":"post_tag","embeddable":true,"href":"https:\/\/jornaldeitaipava.com.br\/index.php\/wp-json\/wp\/v2\/tags?post=50437"}],"curies":[{"name":"wp","href":"https:\/\/api.w.org\/{rel}","templated":true}]}}