{"id":50439,"date":"2026-03-11T16:51:24","date_gmt":"2026-03-11T19:51:24","guid":{"rendered":"http:\/\/jornaldeitaipava.com.br\/?p=50439"},"modified":"2026-03-11T16:52:15","modified_gmt":"2026-03-11T19:52:15","slug":"deputados-aprovam-uso-imediato-de-tornozeleira-eletronica-por-agressor-de-mulher-que-permaneca-em-risco","status":"publish","type":"post","link":"https:\/\/jornaldeitaipava.com.br\/index.php\/2026\/03\/11\/deputados-aprovam-uso-imediato-de-tornozeleira-eletronica-por-agressor-de-mulher-que-permaneca-em-risco\/","title":{"rendered":"Deputados aprovam uso imediato de tornozeleira eletr\u00f4nica por agressor de mulher que permane\u00e7a em risco"},"content":{"rendered":"\n<p class=\"has-text-align-center\"><strong>V\u00edtima poder\u00e1 contar com dispositivo de seguran\u00e7a que alerte sobre eventual aproxima\u00e7\u00e3o<\/strong><\/p>\n\n\n\n<p>A C\u00e2mara dos Deputados aprovou nesta ter\u00e7a-feira (10) um projeto de lei que amplia os mecanismos de prote\u00e7\u00e3o a mulheres v\u00edtimas de viol\u00eancia dom\u00e9stica. A proposta autoriza a determina\u00e7\u00e3o do uso imediato de tornozeleira eletr\u00f4nica pelo agressor quando houver avalia\u00e7\u00e3o de risco \u00e0 seguran\u00e7a da v\u00edtima. O texto agora segue para an\u00e1lise do Senado Federal.<br>A medida est\u00e1 prevista no Projeto de Lei 2942\/24, apresentado pelos deputados Marcos Tavares e Fernanda Melchionna. O projeto foi aprovado com um substitutivo elaborado pela relatora, a deputada Delegada Ione.<br>De acordo com a proposta, o juiz poder\u00e1 determinar o monitoramento eletr\u00f4nico do agressor sempre que identificar risco atual ou iminente \u00e0 vida ou \u00e0 integridade f\u00edsica ou psicol\u00f3gica da mulher ou de seus dependentes. Em cidades que n\u00e3o s\u00e3o sede de comarca \u2014 e, portanto, n\u00e3o contam com juiz \u2014 a decis\u00e3o tamb\u00e9m poder\u00e1 ser tomada pelo delegado de pol\u00edcia.<br>Nesses casos, o delegado dever\u00e1 comunicar a medida ao Minist\u00e9rio P\u00fablico e ao Judici\u00e1rio no prazo de at\u00e9 24 horas. Caber\u00e1 ent\u00e3o ao juiz avaliar a situa\u00e7\u00e3o e decidir se mant\u00e9m ou n\u00e3o a medida protetiva adotada.<br>Atualmente, nessas localidades sem presen\u00e7a de juiz, a \u00fanica provid\u00eancia que o delegado pode aplicar de imediato \u00e9 o afastamento do agressor do lar.<\/p>\n\n\n\n<p>Nova medida protetiva<br>O projeto tamb\u00e9m altera a Lei Maria da Penha ao incluir o uso da tornozeleira eletr\u00f4nica entre as medidas protetivas de urg\u00eancia que podem ser determinadas pelas autoridades.<br>Al\u00e9m do monitoramento do agressor, a proposta prev\u00ea que a v\u00edtima receba um dispositivo de seguran\u00e7a, capaz de alert\u00e1-la caso o agressor se aproxime al\u00e9m da dist\u00e2ncia permitida.<br>O texto estabelece ainda prioridade para a aplica\u00e7\u00e3o da tornozeleira em situa\u00e7\u00f5es de descumprimento de medidas protetivas anteriores ou quando houver risco iminente \u00e0 integridade f\u00edsica ou psicol\u00f3gica da v\u00edtima.<br>Caso o juiz decida posteriormente pela retirada do equipamento, a decis\u00e3o dever\u00e1 ser devidamente fundamentada, com a apresenta\u00e7\u00e3o expl\u00edcita dos motivos que justificam o encerramento da medida. O texto segue para an\u00e1lise no Senado.<\/p>\n\n\n\n<p>*Com informa\u00e7\u00f5es da Ag\u00eancia C\u00e2mara de Not\u00edcias<\/p>\n","protected":false},"excerpt":{"rendered":"<p>V\u00edtima poder\u00e1 contar com dispositivo de seguran\u00e7a que alerte sobre eventual aproxima\u00e7\u00e3o A C\u00e2mara dos<\/p>\n","protected":false},"author":1,"featured_media":13168,"comment_status":"closed","ping_status":"open","sticky":false,"template":"","format":"standard","meta":{"spay_email":"","footnotes":"","jetpack_publicize_message":""},"categories":[24],"tags":[],"jetpack_featured_media_url":"https:\/\/i2.wp.com\/jornaldeitaipava.com.br\/wp-content\/uploads\/2021\/04\/VIOLENCIA-DOMESTICA.jpg?fit=2480%2C1653&ssl=1","jetpack_publicize_connections":[],"jetpack_sharing_enabled":true,"jetpack_likes_enabled":true,"jetpack-related-posts":[],"_links":{"self":[{"href":"https:\/\/jornaldeitaipava.com.br\/index.php\/wp-json\/wp\/v2\/posts\/50439"}],"collection":[{"href":"https:\/\/jornaldeitaipava.com.br\/index.php\/wp-json\/wp\/v2\/posts"}],"about":[{"href":"https:\/\/jornaldeitaipava.com.br\/index.php\/wp-json\/wp\/v2\/types\/post"}],"author":[{"embeddable":true,"href":"https:\/\/jornaldeitaipava.com.br\/index.php\/wp-json\/wp\/v2\/users\/1"}],"replies":[{"embeddable":true,"href":"https:\/\/jornaldeitaipava.com.br\/index.php\/wp-json\/wp\/v2\/comments?post=50439"}],"version-history":[{"count":1,"href":"https:\/\/jornaldeitaipava.com.br\/index.php\/wp-json\/wp\/v2\/posts\/50439\/revisions"}],"predecessor-version":[{"id":50440,"href":"https:\/\/jornaldeitaipava.com.br\/index.php\/wp-json\/wp\/v2\/posts\/50439\/revisions\/50440"}],"wp:featuredmedia":[{"embeddable":true,"href":"https:\/\/jornaldeitaipava.com.br\/index.php\/wp-json\/wp\/v2\/media\/13168"}],"wp:attachment":[{"href":"https:\/\/jornaldeitaipava.com.br\/index.php\/wp-json\/wp\/v2\/media?parent=50439"}],"wp:term":[{"taxonomy":"category","embeddable":true,"href":"https:\/\/jornaldeitaipava.com.br\/index.php\/wp-json\/wp\/v2\/categories?post=50439"},{"taxonomy":"post_tag","embeddable":true,"href":"https:\/\/jornaldeitaipava.com.br\/index.php\/wp-json\/wp\/v2\/tags?post=50439"}],"curies":[{"name":"wp","href":"https:\/\/api.w.org\/{rel}","templated":true}]}}