{"id":50441,"date":"2026-03-11T16:55:54","date_gmt":"2026-03-11T19:55:54","guid":{"rendered":"http:\/\/jornaldeitaipava.com.br\/?p=50441"},"modified":"2026-03-11T16:55:58","modified_gmt":"2026-03-11T19:55:58","slug":"movimento-petropolis-2030-cobra-operacao-do-radar-meteorologico","status":"publish","type":"post","link":"https:\/\/jornaldeitaipava.com.br\/index.php\/2026\/03\/11\/movimento-petropolis-2030-cobra-operacao-do-radar-meteorologico\/","title":{"rendered":"Movimento Petr\u00f3polis 2030 cobra opera\u00e7\u00e3o do radar meteorol\u00f3gico"},"content":{"rendered":"\n<p><strong>A duas semanas do fim do ver\u00e3o, equipamento ainda est\u00e1 em fase de testes<\/strong><\/p>\n\n\n\n<p>A duas semanas do encerramento oficial do ver\u00e3o \u2014 esta\u00e7\u00e3o historicamente marcada por epis\u00f3dios cr\u00edticos de chuva na Regi\u00e3o Serrana \u2014 o radar meteorol\u00f3gico de Banda X instalado no Morin ainda n\u00e3o entrou em opera\u00e7\u00e3o. Anunciado como avan\u00e7o estrat\u00e9gico para o monitoramento clim\u00e1tico de curto prazo, o equipamento segue em fase de testes, ainda que sua instala\u00e7\u00e3o tenha sido iniciada em outubro e, desde dezembro, a prefeitura anuncie treinamento de equipes.<\/p>\n\n\n\n<p>Adquirido por R$ 7,5 milh\u00f5es por meio de acordo judicial com o Minist\u00e9rio P\u00fablico, o radar, comprado na Finl\u00e2ndia, foi entregue em setembro de 2025 com a promessa de ampliar significativamente a capacidade de previs\u00e3o&nbsp;<em>nowcasting&nbsp;<\/em>\u2014 modelo que permite identificar, em tempo quase real, a forma\u00e7\u00e3o de n\u00facleos de chuva intensa em baixa altitude. A tecnologia, considerada mais precisa para eventos localizados, ainda n\u00e3o est\u00e1 integrada de forma definitiva aos protocolos operacionais da Defesa Civil.<\/p>\n\n\n\n<p>Para o Movimento Petr\u00f3polis 2030, o atraso compromete a efetividade do investimento e fragiliza a estrat\u00e9gia municipal de mitiga\u00e7\u00e3o de riscos, sobretudo em um per\u00edodo de elevada instabilidade atmosf\u00e9rica. \u201cN\u00e3o se trata de uma obra comum. Estamos falando de uma ferramenta de prote\u00e7\u00e3o de vidas e de preserva\u00e7\u00e3o da atividade econ\u00f4mica da cidade. Um radar dessa natureza n\u00e3o pode permanecer em car\u00e1ter experimental enquanto atravessamos o per\u00edodo mais sens\u00edvel do calend\u00e1rio clim\u00e1tico\u201d, afirma Cl\u00e1udio Mohammad, uma das lideran\u00e7as do Movimento Petr\u00f3polis 2030.<\/p>\n\n\n\n<p>O grupo ressalta que, sem a plena operacionaliza\u00e7\u00e3o do equipamento, o munic\u00edpio continua dependente majoritariamente de radares regionais mais distantes, cuja resolu\u00e7\u00e3o espacial \u00e9 menos eficaz para eventos de r\u00e1pida forma\u00e7\u00e3o t\u00edpicos do relevo serrano. \u201cO morador, o turista e o &nbsp;setor produtivo precisam de previsibilidade. Cada alerta emitido com anteced\u00eancia adequada significa tempo para evacua\u00e7\u00e3o, para prote\u00e7\u00e3o de estoques, para organiza\u00e7\u00e3o log\u00edstica. Seguran\u00e7a clim\u00e1tica tamb\u00e9m \u00e9 pol\u00edtica de desenvolvimento econ\u00f4mico\u201d, acrescenta Mohammad.<\/p>\n\n\n\n<p>O Movimento defende que a Prefeitura apresente um cronograma p\u00fablico e detalhado para a integra\u00e7\u00e3o definitiva do radar aos sistemas de monitoramento e emiss\u00e3o de alertas, incluindo metas t\u00e9cnicas e prazos objetivos. \u201cInfelizmente, para este ver\u00e3o o radar n\u00e3o deve operar. O investimento foi alto e precisamos garantir governan\u00e7a, transpar\u00eancia e efici\u00eancia na opera\u00e7\u00e3o. Petr\u00f3polis n\u00e3o pode iniciar o pr\u00f3ximo ciclo de chuvas ainda discutindo fase de testes\u201d, aponta.<\/p>\n\n\n\n<p>O Petr\u00f3polis 2030, formado por 32 entidades empresariais e representativas da sociedade, reafirma que a moderniza\u00e7\u00e3o da infraestrutura de preven\u00e7\u00e3o a desastres integra o conjunto de diretrizes estrat\u00e9gicas defendidas pela coaliz\u00e3o para preparar o munic\u00edpio para a pr\u00f3xima d\u00e9cada. \u201cA &nbsp;tecnologia de ponta s\u00f3 cumpre seu papel quando est\u00e1 plenamente operacional e integrada \u00e0 gest\u00e3o p\u00fablica\u201d, completa Cl\u00e1udio Mohammad.<\/p>\n","protected":false},"excerpt":{"rendered":"<p>A duas semanas do fim do ver\u00e3o, equipamento ainda est\u00e1 em fase de testes A<\/p>\n","protected":false},"author":1,"featured_media":50442,"comment_status":"closed","ping_status":"open","sticky":false,"template":"","format":"standard","meta":{"spay_email":"","footnotes":"","jetpack_publicize_message":""},"categories":[24],"tags":[],"jetpack_featured_media_url":"https:\/\/i0.wp.com\/jornaldeitaipava.com.br\/wp-content\/uploads\/2026\/03\/Radar-instalado-no-Morin.jpeg?fit=1081%2C605&ssl=1","jetpack_publicize_connections":[],"jetpack_sharing_enabled":true,"jetpack_likes_enabled":true,"jetpack-related-posts":[],"_links":{"self":[{"href":"https:\/\/jornaldeitaipava.com.br\/index.php\/wp-json\/wp\/v2\/posts\/50441"}],"collection":[{"href":"https:\/\/jornaldeitaipava.com.br\/index.php\/wp-json\/wp\/v2\/posts"}],"about":[{"href":"https:\/\/jornaldeitaipava.com.br\/index.php\/wp-json\/wp\/v2\/types\/post"}],"author":[{"embeddable":true,"href":"https:\/\/jornaldeitaipava.com.br\/index.php\/wp-json\/wp\/v2\/users\/1"}],"replies":[{"embeddable":true,"href":"https:\/\/jornaldeitaipava.com.br\/index.php\/wp-json\/wp\/v2\/comments?post=50441"}],"version-history":[{"count":1,"href":"https:\/\/jornaldeitaipava.com.br\/index.php\/wp-json\/wp\/v2\/posts\/50441\/revisions"}],"predecessor-version":[{"id":50443,"href":"https:\/\/jornaldeitaipava.com.br\/index.php\/wp-json\/wp\/v2\/posts\/50441\/revisions\/50443"}],"wp:featuredmedia":[{"embeddable":true,"href":"https:\/\/jornaldeitaipava.com.br\/index.php\/wp-json\/wp\/v2\/media\/50442"}],"wp:attachment":[{"href":"https:\/\/jornaldeitaipava.com.br\/index.php\/wp-json\/wp\/v2\/media?parent=50441"}],"wp:term":[{"taxonomy":"category","embeddable":true,"href":"https:\/\/jornaldeitaipava.com.br\/index.php\/wp-json\/wp\/v2\/categories?post=50441"},{"taxonomy":"post_tag","embeddable":true,"href":"https:\/\/jornaldeitaipava.com.br\/index.php\/wp-json\/wp\/v2\/tags?post=50441"}],"curies":[{"name":"wp","href":"https:\/\/api.w.org\/{rel}","templated":true}]}}