{"id":50454,"date":"2026-03-11T18:58:27","date_gmt":"2026-03-11T21:58:27","guid":{"rendered":"http:\/\/jornaldeitaipava.com.br\/?p=50454"},"modified":"2026-03-11T18:58:34","modified_gmt":"2026-03-11T21:58:34","slug":"pmp-suspende-aulas-nas-escolas-da-rede-municipal-nesta-quinta-feira","status":"publish","type":"post","link":"https:\/\/jornaldeitaipava.com.br\/index.php\/2026\/03\/11\/pmp-suspende-aulas-nas-escolas-da-rede-municipal-nesta-quinta-feira\/","title":{"rendered":"PMP suspende aulas nas escolas da rede municipal nesta quinta-feira"},"content":{"rendered":"\n<p>Por conta do cen\u00e1rio meteorol\u00f3gico previsto para esta quinta-feira (12), a Prefeitura determinou a suspens\u00e3o das aulas da rede municipal de ensino. A medida \u00e9 preventiva, uma vez que as escolas s\u00e3o pontos de apoio, e para reduzir o fluxo de pessoas nas ruas, principalmente no hor\u00e1rio da tarde, per\u00edodo em que os acumulados de chuva devem estar mais altos. A Prefeitura sugere que as redes estadual e particular de ensino adotem a mesma medida como forma de preven\u00e7\u00e3o.<br>A Defesa Civil do munic\u00edpio emitiu \u00e0s 12h desta quarta-feira (11) um aviso meteorol\u00f3gico para a previs\u00e3o \u00e9 de pancadas de chuva moderada a forte, podendo ser pontualmente muito forte, acompanhadas de raios e rajadas de vento no munic\u00edpio.<br>O aviso meteorol\u00f3gico tem vig\u00eancia at\u00e9 23h59 de sexta-feira (13).<\/p>\n","protected":false},"excerpt":{"rendered":"<p>Por conta do cen\u00e1rio meteorol\u00f3gico previsto para esta quinta-feira (12), a Prefeitura determinou a suspens\u00e3o<\/p>\n","protected":false},"author":1,"featured_media":7397,"comment_status":"closed","ping_status":"open","sticky":false,"template":"","format":"standard","meta":{"spay_email":"","footnotes":"","jetpack_publicize_message":""},"categories":[24],"tags":[],"jetpack_featured_media_url":"https:\/\/i2.wp.com\/jornaldeitaipava.com.br\/wp-content\/uploads\/2020\/12\/chuvas-pet-2.jpg?fit=504%2C264&ssl=1","jetpack_publicize_connections":[],"jetpack_sharing_enabled":true,"jetpack_likes_enabled":true,"jetpack-related-posts":[],"_links":{"self":[{"href":"https:\/\/jornaldeitaipava.com.br\/index.php\/wp-json\/wp\/v2\/posts\/50454"}],"collection":[{"href":"https:\/\/jornaldeitaipava.com.br\/index.php\/wp-json\/wp\/v2\/posts"}],"about":[{"href":"https:\/\/jornaldeitaipava.com.br\/index.php\/wp-json\/wp\/v2\/types\/post"}],"author":[{"embeddable":true,"href":"https:\/\/jornaldeitaipava.com.br\/index.php\/wp-json\/wp\/v2\/users\/1"}],"replies":[{"embeddable":true,"href":"https:\/\/jornaldeitaipava.com.br\/index.php\/wp-json\/wp\/v2\/comments?post=50454"}],"version-history":[{"count":1,"href":"https:\/\/jornaldeitaipava.com.br\/index.php\/wp-json\/wp\/v2\/posts\/50454\/revisions"}],"predecessor-version":[{"id":50455,"href":"https:\/\/jornaldeitaipava.com.br\/index.php\/wp-json\/wp\/v2\/posts\/50454\/revisions\/50455"}],"wp:featuredmedia":[{"embeddable":true,"href":"https:\/\/jornaldeitaipava.com.br\/index.php\/wp-json\/wp\/v2\/media\/7397"}],"wp:attachment":[{"href":"https:\/\/jornaldeitaipava.com.br\/index.php\/wp-json\/wp\/v2\/media?parent=50454"}],"wp:term":[{"taxonomy":"category","embeddable":true,"href":"https:\/\/jornaldeitaipava.com.br\/index.php\/wp-json\/wp\/v2\/categories?post=50454"},{"taxonomy":"post_tag","embeddable":true,"href":"https:\/\/jornaldeitaipava.com.br\/index.php\/wp-json\/wp\/v2\/tags?post=50454"}],"curies":[{"name":"wp","href":"https:\/\/api.w.org\/{rel}","templated":true}]}}