{"id":50457,"date":"2026-03-13T09:03:02","date_gmt":"2026-03-13T12:03:02","guid":{"rendered":"http:\/\/jornaldeitaipava.com.br\/?p=50457"},"modified":"2026-03-13T09:03:07","modified_gmt":"2026-03-13T12:03:07","slug":"pablo-kling-assume-a-secretaria-de-desenvolvimento-economico-e-turismo-de-rio-das-ostras","status":"publish","type":"post","link":"https:\/\/jornaldeitaipava.com.br\/index.php\/2026\/03\/13\/pablo-kling-assume-a-secretaria-de-desenvolvimento-economico-e-turismo-de-rio-das-ostras\/","title":{"rendered":"Pablo Kling assume a Secretaria de Desenvolvimento Econ\u00f4mico e Turismo de Rio das Ostras"},"content":{"rendered":"\n<p>O prefeito Carlos Augusto Balthazar anuncia, por meio de publica\u00e7\u00e3o no Jornal Oficial desta ter\u00e7a-feira, 10 de mar\u00e7o, a nomea\u00e7\u00e3o de Pablo Kling como novo secret\u00e1rio de Desenvolvimento Econ\u00f4mico e Turismo de Rio das Ostras. A escolha refor\u00e7a o compromisso da gest\u00e3o em consolidar o turismo como vetor estrat\u00e9gico de desenvolvimento econ\u00f4mico e sustent\u00e1vel para o munic\u00edpio da Costa do Sol fluminense.<\/p>\n\n\n\n<p>Com s\u00f3lida trajet\u00f3ria na gest\u00e3o p\u00fablica e na comunica\u00e7\u00e3o estrat\u00e9gica, Pablo Kling acumula experi\u00eancias em diferentes frentes do setor. Atuou ao lado do deputado Gustavo Tutuca, atual secret\u00e1rio de Estado de Turismo, durante sua passagem pela TurisRio, onde foi diretor de Marketing e vice-presidente, coordenando o programa Turismo Rural RJ e promovendo os munic\u00edpios fluminenses em mercados latino-americanos como Argentina, Col\u00f4mbia, Peru, Paraguai e Uruguai. Em 2014, ano da Copa do Mundo no Brasil, tamb\u00e9m esteve na Secretaria de Estado de Turismo, ampliando sua viv\u00eancia em pol\u00edticas p\u00fablicas voltadas ao setor.<\/p>\n\n\n\n<p>Em 2025, assumiu a Secretaria de Turismo de Petr\u00f3polis, onde consolidou o munic\u00edpio como protagonista em a\u00e7\u00f5es de marketing tur\u00edstico, ampliando sua visibilidade e refor\u00e7ando sua voca\u00e7\u00e3o como destino de refer\u00eancia nacional e internacional. Antes de assumir a pasta em Rio das Ostras, exercia o cargo de Assessor Executivo na mesma pasta do munic\u00edpio. Kling deixou o cargo de secret\u00e1rio em Petr\u00f3polis, a pedido, em janeiro deste ano, para abra\u00e7ar o novo desafio na Costa do Sol.<\/p>\n\n\n\n<p>Al\u00e9m da gest\u00e3o p\u00fablica, Pablo tamb\u00e9m se destaca como palestrante em turismo, participando de eventos nacionais e internacionais como o Rio Innovation Week, Turismall Travel Market e o Check In Turismo (Sebrae), onde compartilha sua vis\u00e3o sobre inova\u00e7\u00e3o, sustentabilidade e o papel estrat\u00e9gico do turismo no desenvolvimento econ\u00f4mico e social.<\/p>\n\n\n\n<p><strong>Forma\u00e7\u00e3o e especializa\u00e7\u00f5es<br><\/strong>Pablo Kling \u00e9 jornalista especializado em turismo, mestrando em Geografia pela PUC-Rio (com foco em turismo rural e cervejeiro), possui MBA em Gest\u00e3o de Servi\u00e7os pela UFF e MBA em Marketing Esportivo. \u00c9 p\u00f3s-graduado em Desenvolvimento e Turismo Rural e em Ci\u00eancias Pol\u00edticas, al\u00e9m de ter extens\u00f5es em Pol\u00edtica e Gest\u00e3o Ambiental, Gest\u00e3o de Projetos no Setor P\u00fablico e Projetos Tur\u00edsticos na Gest\u00e3o P\u00fablica.<\/p>\n\n\n\n<p><strong>Perfil profissional<br><\/strong>Profissional com s\u00f3lida trajet\u00f3ria em turismo, gest\u00e3o p\u00fablica e comunica\u00e7\u00e3o estrat\u00e9gica, Kling alia forma\u00e7\u00e3o acad\u00eamica de excel\u00eancia a uma vis\u00e3o pr\u00e1tica e integrada do desenvolvimento territorial. Com ampla experi\u00eancia em articula\u00e7\u00e3o institucional, planejamento estrat\u00e9gico e promo\u00e7\u00e3o territorial, combina conhecimento t\u00e9cnico, sensibilidade cultural e capacidade de lideran\u00e7a para transformar o turismo em um motor de desenvolvimento sustent\u00e1vel, impulsionando a economia e valorizando a identidade cultural dos destinos.<\/p>\n","protected":false},"excerpt":{"rendered":"<p>O prefeito Carlos Augusto Balthazar anuncia, por meio de publica\u00e7\u00e3o no Jornal Oficial desta ter\u00e7a-feira,<\/p>\n","protected":false},"author":1,"featured_media":50458,"comment_status":"closed","ping_status":"open","sticky":false,"template":"","format":"standard","meta":{"spay_email":"","footnotes":"","jetpack_publicize_message":""},"categories":[2],"tags":[],"jetpack_featured_media_url":"https:\/\/i1.wp.com\/jornaldeitaipava.com.br\/wp-content\/uploads\/2026\/03\/KLING.png?fit=501%2C439&ssl=1","jetpack_publicize_connections":[],"jetpack_sharing_enabled":true,"jetpack_likes_enabled":true,"jetpack-related-posts":[],"_links":{"self":[{"href":"https:\/\/jornaldeitaipava.com.br\/index.php\/wp-json\/wp\/v2\/posts\/50457"}],"collection":[{"href":"https:\/\/jornaldeitaipava.com.br\/index.php\/wp-json\/wp\/v2\/posts"}],"about":[{"href":"https:\/\/jornaldeitaipava.com.br\/index.php\/wp-json\/wp\/v2\/types\/post"}],"author":[{"embeddable":true,"href":"https:\/\/jornaldeitaipava.com.br\/index.php\/wp-json\/wp\/v2\/users\/1"}],"replies":[{"embeddable":true,"href":"https:\/\/jornaldeitaipava.com.br\/index.php\/wp-json\/wp\/v2\/comments?post=50457"}],"version-history":[{"count":1,"href":"https:\/\/jornaldeitaipava.com.br\/index.php\/wp-json\/wp\/v2\/posts\/50457\/revisions"}],"predecessor-version":[{"id":50459,"href":"https:\/\/jornaldeitaipava.com.br\/index.php\/wp-json\/wp\/v2\/posts\/50457\/revisions\/50459"}],"wp:featuredmedia":[{"embeddable":true,"href":"https:\/\/jornaldeitaipava.com.br\/index.php\/wp-json\/wp\/v2\/media\/50458"}],"wp:attachment":[{"href":"https:\/\/jornaldeitaipava.com.br\/index.php\/wp-json\/wp\/v2\/media?parent=50457"}],"wp:term":[{"taxonomy":"category","embeddable":true,"href":"https:\/\/jornaldeitaipava.com.br\/index.php\/wp-json\/wp\/v2\/categories?post=50457"},{"taxonomy":"post_tag","embeddable":true,"href":"https:\/\/jornaldeitaipava.com.br\/index.php\/wp-json\/wp\/v2\/tags?post=50457"}],"curies":[{"name":"wp","href":"https:\/\/api.w.org\/{rel}","templated":true}]}}