{"id":50460,"date":"2026-03-13T09:04:38","date_gmt":"2026-03-13T12:04:38","guid":{"rendered":"http:\/\/jornaldeitaipava.com.br\/?p=50460"},"modified":"2026-03-13T09:04:43","modified_gmt":"2026-03-13T12:04:43","slug":"turismo-impulsiona-comercio-e-projeta-novo-ciclo-de-crescimento-na-regiao-dos-lagos","status":"publish","type":"post","link":"https:\/\/jornaldeitaipava.com.br\/index.php\/2026\/03\/13\/turismo-impulsiona-comercio-e-projeta-novo-ciclo-de-crescimento-na-regiao-dos-lagos\/","title":{"rendered":"Turismo impulsiona com\u00e9rcio e projeta novo ciclo de crescimento na Regi\u00e3o dos Lagos"},"content":{"rendered":"\n<p class=\"has-text-align-center\"><em><strong>Presidente do Sindcom, Adelson Vargas, analisa cen\u00e1rio econ\u00f4mico de Cabo Frio, destaca for\u00e7a do turismo e antecipa novas iniciativas para qualifica\u00e7\u00e3o profissional<\/strong><\/em><\/p>\n\n\n\n<p>Cabo Frio consolidou-se como um dos principais polos comerciais e tur\u00edsticos do estado do Rio de Janeiro. Com economia fortemente ancorada no varejo, na presta\u00e7\u00e3o de servi\u00e7os e, sobretudo, no turismo, o munic\u00edpio e as demais cidades da Regi\u00e3o dos Lagos vivem um momento de expans\u00e3o, com expectativas positivas para os pr\u00f3ximos anos. Esse \u00e9 o diagn\u00f3stico de Adelson Vargas, presidente do Sindcom da Regi\u00e3o dos Lagos, entrevistado na estreia da 4\u00aa temporada do videocast O Rio Pod+, da Fecom\u00e9rcio RJ.<\/p>\n\n\n\n<p>Com 51 anos de atua\u00e7\u00e3o no com\u00e9rcio e 36 anos de vida sindical, Adelson acompanhou de perto a transforma\u00e7\u00e3o econ\u00f4mica da regi\u00e3o. Segundo ele, atividades tradicionais como o sal e a pesca perderam protagonismo ao longo das d\u00e9cadas, abrindo espa\u00e7o para o turismo como principal motor de desenvolvimento.<\/p>\n\n\n\n<p><em>\u201cO turismo \u00e9 a principal mola que move a cidade\u201d<\/em>, resume.<\/p>\n\n\n\n<p>Para o presidente do Sindcom, a cada temporada cresce o fluxo de visitantes, o que se reflete diretamente no desempenho do com\u00e9rcio e dos servi\u00e7os. O sindicato representa sete munic\u00edpios: Cabo Frio, Arma\u00e7\u00e3o dos B\u00fazios, Arraial do Cabo, Saquarema, Araruama, S\u00e3o Pedro da Aldeia e Iguaba Grande. Cada um com suas voca\u00e7\u00f5es espec\u00edficas \u2014 do mergulho em Arraial ao surfe em Saquarema, passando pelo perfil internacional de B\u00fazios \u2014, mas todos interligados pela for\u00e7a da atividade tur\u00edstica. Para Adelson, o di\u00e1logo constante com prefeitos e secretarias municipais \u00e9 essencial para alinhar demandas e garantir que o com\u00e9rcio acompanhe o ritmo de crescimento.<\/p>\n\n\n\n<p>A chegada de grandes marcas e a consolida\u00e7\u00e3o do shopping em Cabo Frio, segundo ele, n\u00e3o representam amea\u00e7a ao com\u00e9rcio tradicional. Ao contr\u00e1rio: ampliam o fluxo de consumidores e fortalecem o ambiente de neg\u00f3cios.<\/p>\n\n\n\n<p><em>\u201cN\u00e3o \u00e9 um concorrente, \u00e9 um parceiro que chegou\u201d<\/em>, afirma, defendendo que o empres\u00e1rio deve se adaptar, investir em atendimento e credibilidade para se manter competitivo.<\/p>\n\n\n\n<p>Outro ponto destacado na entrevista \u00e9 a import\u00e2ncia da qualifica\u00e7\u00e3o profissional. Adelson adiantou que o sindicato pretende solicitar ao Sistema Fecom\u00e9rcio RJ a Unidade M\u00f3vel de Gastronomia, com o objetivo de capacitar profissionais do setor de bares e restaurantes nos sete munic\u00edpios da regi\u00e3o. A iniciativa deve ocorrer de forma itinerante, atendendo gradualmente cada cidade. Ele tamb\u00e9m ressaltou a relev\u00e2ncia da atua\u00e7\u00e3o do Senac RJ e as perspectivas de amplia\u00e7\u00e3o da presen\u00e7a do Sistema na Regi\u00e3o dos Lagos.<\/p>\n\n\n\n<p>Sobre os desafios de 2026 \u2014 ano que re\u00fane elei\u00e7\u00f5es e Copa do Mundo \u2014, Adelson reconhece que o segundo semestre tende a ser mais cauteloso, mas mant\u00e9m o otimismo. Para ele, o empres\u00e1rio, seja pequeno ou grande, sempre encontra caminhos para superar per\u00edodos de retra\u00e7\u00e3o. A maioria dos associados do sindicato \u00e9 formada por pequenos empreendedores, o que refor\u00e7a a import\u00e2ncia da orienta\u00e7\u00e3o jur\u00eddica, do apoio institucional e da representa\u00e7\u00e3o coletiva.<\/p>\n\n\n\n<p>O presidente do Sindcom tamb\u00e9m comentou o chamado turismo de \u201cbate-volta\u201d. Embora a perman\u00eancia por mais dias seja desej\u00e1vel, ele avalia que o visitante que passa apenas o dia na cidade tamb\u00e9m contribui para a economia, consumindo em restaurantes, lojas e postos de combust\u00edvel.<\/p>\n\n\n\n<p>Ao longo da conversa, Adelson refor\u00e7a que o desenvolvimento da Regi\u00e3o dos Lagos passa por planejamento, di\u00e1logo e parceria entre o setor p\u00fablico e a iniciativa privada. Para ele, o caminho \u00e9 continuar investindo em qualifica\u00e7\u00e3o, fortalecer o associativismo e manter o foco na boa presta\u00e7\u00e3o de servi\u00e7os.<\/p>\n\n\n\n<p>Assista ao epis\u00f3dio completo em&nbsp;<a href=\"https:\/\/www.youtube.com\/watch?v=6pIqPaYYwjs\" target=\"_blank\" rel=\"noreferrer noopener\">https:\/\/www.youtube.com\/watch?v=6pIqPaYYwjs<\/a><\/p>\n","protected":false},"excerpt":{"rendered":"<p>Presidente do Sindcom, Adelson Vargas, analisa cen\u00e1rio econ\u00f4mico de Cabo Frio, destaca for\u00e7a do turismo<\/p>\n","protected":false},"author":1,"featured_media":30395,"comment_status":"closed","ping_status":"open","sticky":false,"template":"","format":"standard","meta":{"spay_email":"","footnotes":"","jetpack_publicize_message":""},"categories":[42],"tags":[],"jetpack_featured_media_url":"https:\/\/i1.wp.com\/jornaldeitaipava.com.br\/wp-content\/uploads\/2022\/08\/CABO-FRIO.jpeg?fit=1024%2C576&ssl=1","jetpack_publicize_connections":[],"jetpack_sharing_enabled":true,"jetpack_likes_enabled":true,"jetpack-related-posts":[],"_links":{"self":[{"href":"https:\/\/jornaldeitaipava.com.br\/index.php\/wp-json\/wp\/v2\/posts\/50460"}],"collection":[{"href":"https:\/\/jornaldeitaipava.com.br\/index.php\/wp-json\/wp\/v2\/posts"}],"about":[{"href":"https:\/\/jornaldeitaipava.com.br\/index.php\/wp-json\/wp\/v2\/types\/post"}],"author":[{"embeddable":true,"href":"https:\/\/jornaldeitaipava.com.br\/index.php\/wp-json\/wp\/v2\/users\/1"}],"replies":[{"embeddable":true,"href":"https:\/\/jornaldeitaipava.com.br\/index.php\/wp-json\/wp\/v2\/comments?post=50460"}],"version-history":[{"count":1,"href":"https:\/\/jornaldeitaipava.com.br\/index.php\/wp-json\/wp\/v2\/posts\/50460\/revisions"}],"predecessor-version":[{"id":50461,"href":"https:\/\/jornaldeitaipava.com.br\/index.php\/wp-json\/wp\/v2\/posts\/50460\/revisions\/50461"}],"wp:featuredmedia":[{"embeddable":true,"href":"https:\/\/jornaldeitaipava.com.br\/index.php\/wp-json\/wp\/v2\/media\/30395"}],"wp:attachment":[{"href":"https:\/\/jornaldeitaipava.com.br\/index.php\/wp-json\/wp\/v2\/media?parent=50460"}],"wp:term":[{"taxonomy":"category","embeddable":true,"href":"https:\/\/jornaldeitaipava.com.br\/index.php\/wp-json\/wp\/v2\/categories?post=50460"},{"taxonomy":"post_tag","embeddable":true,"href":"https:\/\/jornaldeitaipava.com.br\/index.php\/wp-json\/wp\/v2\/tags?post=50460"}],"curies":[{"name":"wp","href":"https:\/\/api.w.org\/{rel}","templated":true}]}}