{"id":50468,"date":"2026-03-13T09:10:41","date_gmt":"2026-03-13T12:10:41","guid":{"rendered":"http:\/\/jornaldeitaipava.com.br\/?p=50468"},"modified":"2026-03-13T09:10:44","modified_gmt":"2026-03-13T12:10:44","slug":"artistas-e-moradores-realizam-ato-em-defesa-da-reabertura-do-theatro-dom-pedro-em-petropolis","status":"publish","type":"post","link":"https:\/\/jornaldeitaipava.com.br\/index.php\/2026\/03\/13\/artistas-e-moradores-realizam-ato-em-defesa-da-reabertura-do-theatro-dom-pedro-em-petropolis\/","title":{"rendered":"Artistas e moradores realizam ato em defesa da reabertura do Theatro Dom Pedro em Petr\u00f3polis"},"content":{"rendered":"\n<p>Artistas, produtores culturais e moradores de Petr\u00f3polis realizaram, na tarde do dia 10 de mar\u00e7o, um ato p\u00fablico em defesa da reabertura do Theatro Dom Pedro. A mobiliza\u00e7\u00e3o, intitulada \u201cO Theatro \u00e9 Nosso!\u201d, aconteceu em frente ao espa\u00e7o cultural, localizado na Pra\u00e7a dos Expedicion\u00e1rios, no Centro Hist\u00f3rico da cidade.<br>A iniciativa reuniu artistas, fazedores de cultura e moradores que defendem a retomada das atividades no teatro, fechado h\u00e1 cerca de sete anos para obras de restaura\u00e7\u00e3o. Durante o encontro, o espa\u00e7o p\u00fablico foi transformado em um verdadeiro palco a c\u00e9u aberto. Apresenta\u00e7\u00f5es de bal\u00e9, teatro, m\u00fasica, performances e interven\u00e7\u00f5es art\u00edsticas marcaram o ato, atraindo a aten\u00e7\u00e3o de quem passava pelo local e refor\u00e7ando o papel da arte como forma de express\u00e3o e mobiliza\u00e7\u00e3o social.<br>Al\u00e9m da classe art\u00edstica, o ato contou com a presen\u00e7a de integrantes da sociedade civil e apoio de representantes de mandatos pol\u00edticos. Participaram membros da Coletiva Feminista, com apoio da vereadora Julia Casamasso, al\u00e9m de representantes do gabinete do deputado estadual Yuri Moura.<br>O cantor petropolitano Igor Oggy tamb\u00e9m esteve presente e destacou a import\u00e2ncia do teatro para o fortalecimento da cena cultural da cidade, ressaltando que a reabertura do espa\u00e7o representa uma oportunidade de valoriza\u00e7\u00e3o da produ\u00e7\u00e3o art\u00edstica local.<br>Para o ator Sylvio Costa Filho, a mobiliza\u00e7\u00e3o simboliza a uni\u00e3o da classe art\u00edstica em defesa de um dos mais importantes espa\u00e7os culturais do munic\u00edpio. Segundo ele, a manifesta\u00e7\u00e3o foi uma forma de transformar a rua em palco e mostrar que a arte continua viva e ativa na cidade.<br>A produtora cultural Iara Rocca destacou o car\u00e1ter coletivo da mobiliza\u00e7\u00e3o e o apoio recebido para a realiza\u00e7\u00e3o do evento. De acordo com ela, parlamentares municipais, estaduais e federais manifestaram apoio \u00e0 iniciativa, assim como comerciantes do entorno, que colaboraram com a cess\u00e3o de energia el\u00e9trica para viabilizar o funcionamento do som e da ilumina\u00e7\u00e3o durante o ato.<br>O sucesso e a repercuss\u00e3o da mobiliza\u00e7\u00e3o levaram os participantes a decidirem, por unanimidade, pela realiza\u00e7\u00e3o de novas a\u00e7\u00f5es culturais ao longo do ano. A proposta \u00e9 que os encontros ocorram mensalmente, mantendo o movimento ativo at\u00e9 que o teatro seja reaberto e devolvido \u00e0 popula\u00e7\u00e3o petropolitana.<br>Enquanto isso, a classe art\u00edstica segue cobrando maior transpar\u00eancia nas informa\u00e7\u00f5es sobre o andamento das obras de restaura\u00e7\u00e3o, al\u00e9m de um posicionamento mais claro sobre os prazos para a conclus\u00e3o dos trabalhos e a retomada das atividades culturais no espa\u00e7o.<br>Inaugurado no s\u00e9culo XIX, o Theatro Dom Pedro \u00e9 reconhecido como um dos mais tradicionais espa\u00e7os de artes c\u00eanicas da Regi\u00e3o Serrana do estado do Rio de Janeiro e integra o patrim\u00f4nio hist\u00f3rico e cultural de Petr\u00f3polis. Ao longo de sua trajet\u00f3ria, o teatro recebeu importantes espet\u00e1culos e artistas, consolidando-se como um ponto de encontro da cultura na cidade.<br>Para os organizadores do ato, a reabertura do teatro representa n\u00e3o apenas a recupera\u00e7\u00e3o de um pr\u00e9dio hist\u00f3rico, mas tamb\u00e9m o fortalecimento da vida cultural e art\u00edstica de Petr\u00f3polis, reafirmando o papel da arte como elemento fundamental para a identidade e o desenvolvimento da cidade.<\/p>\n","protected":false},"excerpt":{"rendered":"<p>Artistas, produtores culturais e moradores de Petr\u00f3polis realizaram, na tarde do dia 10 de mar\u00e7o,<\/p>\n","protected":false},"author":1,"featured_media":50469,"comment_status":"closed","ping_status":"open","sticky":false,"template":"","format":"standard","meta":{"spay_email":"","footnotes":"","jetpack_publicize_message":""},"categories":[2],"tags":[],"jetpack_featured_media_url":"https:\/\/i1.wp.com\/jornaldeitaipava.com.br\/wp-content\/uploads\/2026\/03\/WhatsApp-Image-2026-03-11-at-17.31.30.jpeg?fit=840%2C630&ssl=1","jetpack_publicize_connections":[],"jetpack_sharing_enabled":true,"jetpack_likes_enabled":true,"jetpack-related-posts":[],"_links":{"self":[{"href":"https:\/\/jornaldeitaipava.com.br\/index.php\/wp-json\/wp\/v2\/posts\/50468"}],"collection":[{"href":"https:\/\/jornaldeitaipava.com.br\/index.php\/wp-json\/wp\/v2\/posts"}],"about":[{"href":"https:\/\/jornaldeitaipava.com.br\/index.php\/wp-json\/wp\/v2\/types\/post"}],"author":[{"embeddable":true,"href":"https:\/\/jornaldeitaipava.com.br\/index.php\/wp-json\/wp\/v2\/users\/1"}],"replies":[{"embeddable":true,"href":"https:\/\/jornaldeitaipava.com.br\/index.php\/wp-json\/wp\/v2\/comments?post=50468"}],"version-history":[{"count":1,"href":"https:\/\/jornaldeitaipava.com.br\/index.php\/wp-json\/wp\/v2\/posts\/50468\/revisions"}],"predecessor-version":[{"id":50470,"href":"https:\/\/jornaldeitaipava.com.br\/index.php\/wp-json\/wp\/v2\/posts\/50468\/revisions\/50470"}],"wp:featuredmedia":[{"embeddable":true,"href":"https:\/\/jornaldeitaipava.com.br\/index.php\/wp-json\/wp\/v2\/media\/50469"}],"wp:attachment":[{"href":"https:\/\/jornaldeitaipava.com.br\/index.php\/wp-json\/wp\/v2\/media?parent=50468"}],"wp:term":[{"taxonomy":"category","embeddable":true,"href":"https:\/\/jornaldeitaipava.com.br\/index.php\/wp-json\/wp\/v2\/categories?post=50468"},{"taxonomy":"post_tag","embeddable":true,"href":"https:\/\/jornaldeitaipava.com.br\/index.php\/wp-json\/wp\/v2\/tags?post=50468"}],"curies":[{"name":"wp","href":"https:\/\/api.w.org\/{rel}","templated":true}]}}