{"id":50472,"date":"2026-03-13T12:15:23","date_gmt":"2026-03-13T15:15:23","guid":{"rendered":"http:\/\/jornaldeitaipava.com.br\/?p=50472"},"modified":"2026-03-13T12:15:28","modified_gmt":"2026-03-13T15:15:28","slug":"aniversario-de-petropolis-confira-o-que-abre-a-fecha-no-feriado","status":"publish","type":"post","link":"https:\/\/jornaldeitaipava.com.br\/index.php\/2026\/03\/13\/aniversario-de-petropolis-confira-o-que-abre-a-fecha-no-feriado\/","title":{"rendered":"Anivers\u00e1rio de Petr\u00f3polis: confira o que abre a fecha no feriado"},"content":{"rendered":"\n<p>Em comemora\u00e7\u00e3o pelos 183 anos de funda\u00e7\u00e3o de Petr\u00f3polis, segunda-feira, dia 16 de mar\u00e7o, \u00e9 feriado municipal. Reparti\u00e7\u00f5es p\u00fablicas e bancos n\u00e3o funcionam. A abertura do com\u00e9rcio \u00e9 facultativa, levando em considera\u00e7\u00e3o o acordo com os sindicatos.<\/p>\n\n\n\n<p>O funcionamento \u00e9 normal nas unidades de urg\u00eancia e emerg\u00eancia \u2013 UPAS do Centro, Cascatinha e Itaipava; hospitais Alcides Carneiro (HAC) e Nelson de S\u00e1 Earp (HMNSE); os SPAS da Posse e Pedro do Rio e o Pronto Socorro do Alto da Serra.<\/p>\n\n\n\n<p><strong>Confira o que abre e fecha no feriado de Anivers\u00e1rio de Petr\u00f3polis:<\/strong><\/p>\n\n\n\n<p>Parques:<br>Parque Cremerie<br>Rua Lu\u00eds de Cam\u00f5es \u2013 Estrada da Independ\u00eancia, s\/n<br>Aberto &#8211; 8h \u00e0s 17h<br>Entrada franca<\/p>\n\n\n\n<p>Parque Municipal Prefeito Paulo Rattes<br>Estrada Uni\u00e3o e Ind\u00fastria, 10000 \u2013 Itaipava<br>Aberto &#8211; 7h \u00e0s 18h<br>Entrada franca<\/p>\n\n\n\n<p>Compras<br>Rua Teresa<br>Consulte as redes sociais da sua marca preferida e confira os hor\u00e1rios de funcionamento<br>Instagram: @ruateresaoficial<\/p>\n\n\n\n<p>Bingen \u2013 Polo de Modas<br>Consulte as redes sociais da sua marca preferida e confira os hor\u00e1rios de funcionamento<\/p>\n\n\n\n<p>Polo de Experi\u00eancias da Rua 16 de Mar\u00e7o e adjac\u00eancias<br>Consulte as redes sociais da sua marca preferida e confira os hor\u00e1rios de funcionamento<br>Instagram: @rua16demarco<\/p>\n\n\n\n<p>Feirinha de Itaipava<br>BR 040 &#8211; KM 62 \u2013 Juiz de Fora X Rio<br>Facultativo &#8211; 10h \u00e0s 19h<\/p>\n\n\n\n<p>Atrativos tur\u00edsticos<br>Museu Casa de Santos Dumont<br>Rua do Encanto, 22 \u2013 Centro<br>Aberto &#8211; 10h \u00e0s 17h<br>Entrada franca para moradores da cidade<br>Email: casasantosdumont@gmail.com<br>Instagram: @casasantosdumont<\/p>\n\n\n\n<p>Museu Casa do Colono<br>Rua Crist\u00f3v\u00e3o Colombo, 1.034 \u2013 Castel\u00e2nea<br>Aberto &#8211; 9h \u00e0s 16h<br>Entrada franca<br>Instagram: @museucasadocolono<\/p>\n\n\n\n<p>Pal\u00e1cio de Cristal<br>Rua Alfredo Pach\u00e1 s\/n \u2013 Centro<br>Aberto &#8211; 9h \u00e0s 17h<br>Entrada franca<\/p>\n\n\n\n<p>Museu Imperial<br>Rua da Imperatriz, 220 \u2013 Centro<br>Fechado<br>Instagram: @museu.imperial<\/p>\n\n\n\n<p>Catedral S\u00e3o Pedro de Alc\u00e2ntara<br>Rua S\u00e3o Pedro de Alc\u00e2ntara, 60 \u2013 Centro<br>16 de mar\u00e7o &#8211; Missa de Anivers\u00e1rio da Cidade &#8211; 9h30<br>Visita\u00e7\u00e3o das 10h30 \u00e0s 16h<br>Instagram: @catedraldepetropolis<\/p>\n\n\n\n<p>Centro de Cultura Raul de Leoni<br>Pra\u00e7a Visconde de Mau\u00e1, 305 \u2013 Centro (Pra\u00e7a da \u00c1guia)<br>Fechado<br>Instagram: @centrodeculturarauldeleoni<\/p>\n\n\n\n<p>Centro Cultural Sesc Quitandinha<br>Avenida Joaquim Rolla, 2 \u2013 Quitandinha<br>Fechado<br>Instagram: @sescquitandinharj<\/p>\n\n\n\n<p>Para mais informa\u00e7\u00f5es tur\u00edsticas, consulte o Disque Turismo: segunda a s\u00e1bado, das 9h \u00e0s 17h\/domingos e feriados, das 9h \u00e0s 14h. 0800-450-7070\/WhatsApp (24) 2237-3321.<\/p>\n","protected":false},"excerpt":{"rendered":"<p>Em comemora\u00e7\u00e3o pelos 183 anos de funda\u00e7\u00e3o de Petr\u00f3polis, segunda-feira, dia 16 de mar\u00e7o, \u00e9<\/p>\n","protected":false},"author":1,"featured_media":44745,"comment_status":"closed","ping_status":"open","sticky":false,"template":"","format":"standard","meta":{"spay_email":"","footnotes":"","jetpack_publicize_message":""},"categories":[24],"tags":[],"jetpack_featured_media_url":"https:\/\/i1.wp.com\/jornaldeitaipava.com.br\/wp-content\/uploads\/2025\/03\/Petropolis-Centro-aerea-scaled.jpg?fit=2560%2C1447&ssl=1","jetpack_publicize_connections":[],"jetpack_sharing_enabled":true,"jetpack_likes_enabled":true,"jetpack-related-posts":[],"_links":{"self":[{"href":"https:\/\/jornaldeitaipava.com.br\/index.php\/wp-json\/wp\/v2\/posts\/50472"}],"collection":[{"href":"https:\/\/jornaldeitaipava.com.br\/index.php\/wp-json\/wp\/v2\/posts"}],"about":[{"href":"https:\/\/jornaldeitaipava.com.br\/index.php\/wp-json\/wp\/v2\/types\/post"}],"author":[{"embeddable":true,"href":"https:\/\/jornaldeitaipava.com.br\/index.php\/wp-json\/wp\/v2\/users\/1"}],"replies":[{"embeddable":true,"href":"https:\/\/jornaldeitaipava.com.br\/index.php\/wp-json\/wp\/v2\/comments?post=50472"}],"version-history":[{"count":1,"href":"https:\/\/jornaldeitaipava.com.br\/index.php\/wp-json\/wp\/v2\/posts\/50472\/revisions"}],"predecessor-version":[{"id":50473,"href":"https:\/\/jornaldeitaipava.com.br\/index.php\/wp-json\/wp\/v2\/posts\/50472\/revisions\/50473"}],"wp:featuredmedia":[{"embeddable":true,"href":"https:\/\/jornaldeitaipava.com.br\/index.php\/wp-json\/wp\/v2\/media\/44745"}],"wp:attachment":[{"href":"https:\/\/jornaldeitaipava.com.br\/index.php\/wp-json\/wp\/v2\/media?parent=50472"}],"wp:term":[{"taxonomy":"category","embeddable":true,"href":"https:\/\/jornaldeitaipava.com.br\/index.php\/wp-json\/wp\/v2\/categories?post=50472"},{"taxonomy":"post_tag","embeddable":true,"href":"https:\/\/jornaldeitaipava.com.br\/index.php\/wp-json\/wp\/v2\/tags?post=50472"}],"curies":[{"name":"wp","href":"https:\/\/api.w.org\/{rel}","templated":true}]}}