{"id":50486,"date":"2026-03-13T15:45:10","date_gmt":"2026-03-13T18:45:10","guid":{"rendered":"http:\/\/jornaldeitaipava.com.br\/?p=50486"},"modified":"2026-03-13T15:45:13","modified_gmt":"2026-03-13T18:45:13","slug":"evento-fala-mulheres-reune-grande-publico-em-petropolis","status":"publish","type":"post","link":"https:\/\/jornaldeitaipava.com.br\/index.php\/2026\/03\/13\/evento-fala-mulheres-reune-grande-publico-em-petropolis\/","title":{"rendered":"Evento \u201cFala Mulheres\u201d re\u00fane grande p\u00fablico em Petr\u00f3polis"},"content":{"rendered":"\n<p>O audit\u00f3rio da Est\u00e1cio Petr\u00f3polis recebeu o evento \u201cFala Mulheres\u201d, que reuniu um grande p\u00fablico e contou com a presen\u00e7a de estudantes de cursos como Direito, Psicologia e Licenciaturas. A palestra foi conduzida por Drica Madeira, doutora pela UFRJ e especialista em Viol\u00eancia contra a mulher, convidada pela professora Silvia Tkotz, com apoio da coordenadora de licenciaturas Priscilla Manh\u00e3es.<\/p>\n\n\n\n<p>Com o tema \u201cO necess\u00e1rio protagonismo das mulheres e o inc\u00f4modo que isso causa na estrutura patriarcal\u201d, o encontro promoveu reflex\u00f5es sobre os casos recorrentes de feminic\u00eddio e o papel da educa\u00e7\u00e3o na constru\u00e7\u00e3o de rela\u00e7\u00f5es mais igualit\u00e1rias.<\/p>\n\n\n\n<p>&#8220;O protagonismo das mulheres ainda provoca resist\u00eancia porque desafia estruturas hist\u00f3ricas de poder. A universidade tem um papel fundamental nesse processo: formar novas gera\u00e7\u00f5es capazes de questionar a cultura que naturaliza a desigualdade e a viol\u00eancia contra mulheres&#8221;, disse Drica Madeira.<\/p>\n\n\n\n<p>\u201cA universidade \u00e9 um espa\u00e7o essencial para promover reflex\u00e3o e di\u00e1logo sobre temas sociais urgentes. Discutir o protagonismo feminino tamb\u00e9m \u00e9 pensar em caminhos educativos que transformem realidades\u201d, acrescentou Priscila Manh\u00e3es.<\/p>\n\n\n\n<p>A programa\u00e7\u00e3o de eventos do campus continua no dia 23 de mar\u00e7o, com um encontro aberto ao p\u00fablico sobre S\u00edndrome de Down. Nos meses seguintes, est\u00e3o previstos debates sobre autismo, o Dia Mundial do Brincar e tem\u00e1tica LGBTQIA+.<\/p>\n","protected":false},"excerpt":{"rendered":"<p>O audit\u00f3rio da Est\u00e1cio Petr\u00f3polis recebeu o evento \u201cFala Mulheres\u201d, que reuniu um grande p\u00fablico<\/p>\n","protected":false},"author":1,"featured_media":50487,"comment_status":"closed","ping_status":"open","sticky":false,"template":"","format":"standard","meta":{"spay_email":"","footnotes":"","jetpack_publicize_message":""},"categories":[2],"tags":[],"jetpack_featured_media_url":"https:\/\/i2.wp.com\/jornaldeitaipava.com.br\/wp-content\/uploads\/2026\/03\/WhatsApp-Image-2026-03-12-at-11.42.55.jpeg?fit=900%2C953&ssl=1","jetpack_publicize_connections":[],"jetpack_sharing_enabled":true,"jetpack_likes_enabled":true,"jetpack-related-posts":[],"_links":{"self":[{"href":"https:\/\/jornaldeitaipava.com.br\/index.php\/wp-json\/wp\/v2\/posts\/50486"}],"collection":[{"href":"https:\/\/jornaldeitaipava.com.br\/index.php\/wp-json\/wp\/v2\/posts"}],"about":[{"href":"https:\/\/jornaldeitaipava.com.br\/index.php\/wp-json\/wp\/v2\/types\/post"}],"author":[{"embeddable":true,"href":"https:\/\/jornaldeitaipava.com.br\/index.php\/wp-json\/wp\/v2\/users\/1"}],"replies":[{"embeddable":true,"href":"https:\/\/jornaldeitaipava.com.br\/index.php\/wp-json\/wp\/v2\/comments?post=50486"}],"version-history":[{"count":1,"href":"https:\/\/jornaldeitaipava.com.br\/index.php\/wp-json\/wp\/v2\/posts\/50486\/revisions"}],"predecessor-version":[{"id":50488,"href":"https:\/\/jornaldeitaipava.com.br\/index.php\/wp-json\/wp\/v2\/posts\/50486\/revisions\/50488"}],"wp:featuredmedia":[{"embeddable":true,"href":"https:\/\/jornaldeitaipava.com.br\/index.php\/wp-json\/wp\/v2\/media\/50487"}],"wp:attachment":[{"href":"https:\/\/jornaldeitaipava.com.br\/index.php\/wp-json\/wp\/v2\/media?parent=50486"}],"wp:term":[{"taxonomy":"category","embeddable":true,"href":"https:\/\/jornaldeitaipava.com.br\/index.php\/wp-json\/wp\/v2\/categories?post=50486"},{"taxonomy":"post_tag","embeddable":true,"href":"https:\/\/jornaldeitaipava.com.br\/index.php\/wp-json\/wp\/v2\/tags?post=50486"}],"curies":[{"name":"wp","href":"https:\/\/api.w.org\/{rel}","templated":true}]}}