{"id":50492,"date":"2026-03-13T15:58:32","date_gmt":"2026-03-13T18:58:32","guid":{"rendered":"http:\/\/jornaldeitaipava.com.br\/?p=50492"},"modified":"2026-03-13T15:58:36","modified_gmt":"2026-03-13T18:58:36","slug":"tricologia-e-aliada-no-combate-a-queda-de-cabelo-e-alopecias","status":"publish","type":"post","link":"https:\/\/jornaldeitaipava.com.br\/index.php\/2026\/03\/13\/tricologia-e-aliada-no-combate-a-queda-de-cabelo-e-alopecias\/","title":{"rendered":"Tricologia \u00e9 aliada no combate a queda de cabelo e alopecias"},"content":{"rendered":"\n<p>A queda de cabelo e os diferentes tipos de alopecia t\u00eam afetado cada vez mais homens e mulheres, impactando n\u00e3o apenas a est\u00e9tica, mas tamb\u00e9m a autoestima e o bem-estar emocional. Nesse cen\u00e1rio, a tricologia surge como importante aliada na identifica\u00e7\u00e3o das causas e no tratamento adequado dessas condi\u00e7\u00f5es.<\/p>\n\n\n\n<p>A tricologia \u00e9 a \u00e1rea especializada no estudo do couro cabeludo e dos fios, respons\u00e1vel por avaliar altera\u00e7\u00f5es como queda excessiva, enfraquecimento, inflama\u00e7\u00f5es, oleosidade excessiva, dermatites e alopecias. Com diagn\u00f3stico preciso e acompanhamento individualizado, \u00e9 poss\u00edvel interromper a progress\u00e3o da queda e estimular o crescimento saud\u00e1vel dos fios.<\/p>\n\n\n\n<p>Segundo a especialista M\u00e1rcia Fran\u00e7a, cada caso deve ser analisado de forma personalizada. \u201cA queda capilar pode ter diversas causas: hormonais, emocionais, nutricionais ou gen\u00e9ticas. O tratamento correto depende de uma avalia\u00e7\u00e3o criteriosa do couro cabeludo e do hist\u00f3rico da pessoa\u201d, explica.<\/p>\n\n\n\n<p><strong>Entre os procedimentos realizados por M\u00e1rcia Fran\u00e7a est\u00e3o:<\/strong><\/p>\n\n\n\n<p><em>Microagulhamento capilar<\/em><\/p>\n\n\n\n<p>T\u00e9cnica que estimula a circula\u00e7\u00e3o sangu\u00ednea e a produ\u00e7\u00e3o de col\u00e1geno no couro cabeludo, favorecendo a absor\u00e7\u00e3o de ativos e incentivando o crescimento de novos fios.<\/p>\n\n\n\n<p><em><strong>Laserterapia capilar<\/strong><\/em><\/p>\n\n\n\n<p>O laser de baixa pot\u00eancia atua estimulando os fol\u00edculos capilares, auxiliando na redu\u00e7\u00e3o da queda e no fortalecimento dos fios.<\/p>\n\n\n\n<p><em><strong>Diagn\u00f3stico precoce faz diferen\u00e7a<\/strong><\/em><\/p>\n\n\n\n<p>A especialista refor\u00e7a que buscar ajuda ao perceber os primeiros sinais de queda \u00e9 fundamental. \u201cMuitas pessoas procuram tratamento quando a perda j\u00e1 est\u00e1 avan\u00e7ada. Quanto antes iniciarmos a investiga\u00e7\u00e3o, maiores s\u00e3o as chances de recuperar a sa\u00fade capilar\u201d, destaca.<\/p>\n\n\n\n<p>A tricologia vai al\u00e9m da est\u00e9tica: trata-se de sa\u00fade. O couro cabeludo precisa estar equilibrado para que os fios cres\u00e7am fortes e resistentes. Com acompanhamento profissional adequado, \u00e9 poss\u00edvel controlar a queda, fortalecer os fios e resgatar a autoestima.<\/p>\n","protected":false},"excerpt":{"rendered":"<p>A queda de cabelo e os diferentes tipos de alopecia t\u00eam afetado cada vez mais<\/p>\n","protected":false},"author":1,"featured_media":50493,"comment_status":"closed","ping_status":"open","sticky":false,"template":"","format":"standard","meta":{"spay_email":"","footnotes":"","jetpack_publicize_message":""},"categories":[2,9],"tags":[],"jetpack_featured_media_url":"https:\/\/i0.wp.com\/jornaldeitaipava.com.br\/wp-content\/uploads\/2026\/03\/WhatsApp-Image-2026-03-12-at-15.11.28-1.jpeg?fit=1188%2C1600&ssl=1","jetpack_publicize_connections":[],"jetpack_sharing_enabled":true,"jetpack_likes_enabled":true,"jetpack-related-posts":[],"_links":{"self":[{"href":"https:\/\/jornaldeitaipava.com.br\/index.php\/wp-json\/wp\/v2\/posts\/50492"}],"collection":[{"href":"https:\/\/jornaldeitaipava.com.br\/index.php\/wp-json\/wp\/v2\/posts"}],"about":[{"href":"https:\/\/jornaldeitaipava.com.br\/index.php\/wp-json\/wp\/v2\/types\/post"}],"author":[{"embeddable":true,"href":"https:\/\/jornaldeitaipava.com.br\/index.php\/wp-json\/wp\/v2\/users\/1"}],"replies":[{"embeddable":true,"href":"https:\/\/jornaldeitaipava.com.br\/index.php\/wp-json\/wp\/v2\/comments?post=50492"}],"version-history":[{"count":1,"href":"https:\/\/jornaldeitaipava.com.br\/index.php\/wp-json\/wp\/v2\/posts\/50492\/revisions"}],"predecessor-version":[{"id":50494,"href":"https:\/\/jornaldeitaipava.com.br\/index.php\/wp-json\/wp\/v2\/posts\/50492\/revisions\/50494"}],"wp:featuredmedia":[{"embeddable":true,"href":"https:\/\/jornaldeitaipava.com.br\/index.php\/wp-json\/wp\/v2\/media\/50493"}],"wp:attachment":[{"href":"https:\/\/jornaldeitaipava.com.br\/index.php\/wp-json\/wp\/v2\/media?parent=50492"}],"wp:term":[{"taxonomy":"category","embeddable":true,"href":"https:\/\/jornaldeitaipava.com.br\/index.php\/wp-json\/wp\/v2\/categories?post=50492"},{"taxonomy":"post_tag","embeddable":true,"href":"https:\/\/jornaldeitaipava.com.br\/index.php\/wp-json\/wp\/v2\/tags?post=50492"}],"curies":[{"name":"wp","href":"https:\/\/api.w.org\/{rel}","templated":true}]}}