{"id":50499,"date":"2026-03-14T10:19:21","date_gmt":"2026-03-14T13:19:21","guid":{"rendered":"http:\/\/jornaldeitaipava.com.br\/?p=50499"},"modified":"2026-03-15T09:53:15","modified_gmt":"2026-03-15T12:53:15","slug":"movimento-de-estudantes-nas-redes-pede-retorno-do-vestibular-social","status":"publish","type":"post","link":"https:\/\/jornaldeitaipava.com.br\/index.php\/2026\/03\/14\/movimento-de-estudantes-nas-redes-pede-retorno-do-vestibular-social\/","title":{"rendered":"Movimento de estudantes nas redes pede retorno do Vestibular Social"},"content":{"rendered":"\n<p>Estudantes petropolitanos est\u00e3o reclamando do fim do Vestibular Social da Universidade Cat\u00f3lica de Petr\u00f3polis -, que em parceria com a Prefeitura de Petr\u00f3polis e que ofertava bolsas integrais destinadas a estudantes da rede p\u00fablica de ensino. O \u00faltimo certame foi realizado em 2024. Ap\u00f3s isso o programa foi descontinuado pelo governo municipal.<br>A jovem Isabela Zainotte vestibular \u00e9 uma das prejudicadas com fim da parceria. Ela est\u00e1 mobilizando outros jovens nas redes sociais. &#8220;Eu e diversos jovens esperamos ansiosamente por essa oportunidade. Temos outros meios, mas totalmente invi\u00e1veis financeiramente&#8221;, disse.<br>Ela relatou que j\u00e1 tentou contato com diversas autoridades e com a pr\u00f3pria institui\u00e7\u00e3o que confirmou o fim da parceria com o munic\u00edpio. Isabela resolveu ent\u00e3o criar o perfil @peticaovestibularsocialucp, onde divulga informa\u00e7\u00f5es e pede apoio e onde interessados podem acessar um abaixo-assinado para que o programa volte.<br>&#8220;Estou mobilizando essa causa para chamar aten\u00e7\u00e3o das autoridades e mudar nossa educa\u00e7\u00e3o. Diversos profissionais importantes de nossa cidade se formaram na UCP com o vestibular social&#8221;, finalizou.<\/p>\n\n\n\n<p><strong><em>Nota da UCP<\/em><br><\/strong>A parceria entre a Universidade Cat\u00f3lica de Petr\u00f3polis (UCP) e a Prefeitura de Petr\u00f3polis para a realiza\u00e7\u00e3o do Vestibular Social sempre ocorreu de forma pontual, de acordo com a demanda apresentada pelo poder p\u00fablico municipal para a oferta de novas vagas.<br>Os estudantes que ingressaram na UCP por meio do Vestibular Social seguem regularmente matriculados e ter\u00e3o garantida a conclus\u00e3o de seus cursos, conforme previsto nos editais de oferta das vagas nos respectivos anos de ingresso.<br>Em 2024, foi realizada a \u00faltima edi\u00e7\u00e3o do Vestibular Social com a oferta de 200 vagas por meio do programa. Nos \u00faltimos anos, no entanto, a Universidade n\u00e3o foi procurada pela Prefeitura para a abertura de novas vagas.<br>Recentemente, houve uma manifesta\u00e7\u00e3o por parte da PMP para a oferta de novas vagas no futuro, sem que haja, todavia, uma previs\u00e3o para a realiza\u00e7\u00e3o de um novo Vestibular Social. A UCP permanece aberta ao di\u00e1logo e \u00e0 possibilidade de novas parcerias que ampliem o acesso ao ensino superior para a popula\u00e7\u00e3o do munic\u00edpio.<br>A reportagem entrou em contato com a Prefeitura por\u00e9m, at\u00e9 o fechamento da edi\u00e7\u00e3o n\u00e3o obteve respostas.<\/p>\n","protected":false},"excerpt":{"rendered":"<p>Estudantes petropolitanos est\u00e3o reclamando do fim do Vestibular Social da Universidade Cat\u00f3lica de Petr\u00f3polis -,<\/p>\n","protected":false},"author":1,"featured_media":20214,"comment_status":"closed","ping_status":"open","sticky":false,"template":"","format":"standard","meta":{"spay_email":"","footnotes":"","jetpack_publicize_message":""},"categories":[24],"tags":[],"jetpack_featured_media_url":"https:\/\/i0.wp.com\/jornaldeitaipava.com.br\/wp-content\/uploads\/2021\/09\/vestibular.png?fit=1000%2C667&ssl=1","jetpack_publicize_connections":[],"jetpack_sharing_enabled":true,"jetpack_likes_enabled":true,"jetpack-related-posts":[],"_links":{"self":[{"href":"https:\/\/jornaldeitaipava.com.br\/index.php\/wp-json\/wp\/v2\/posts\/50499"}],"collection":[{"href":"https:\/\/jornaldeitaipava.com.br\/index.php\/wp-json\/wp\/v2\/posts"}],"about":[{"href":"https:\/\/jornaldeitaipava.com.br\/index.php\/wp-json\/wp\/v2\/types\/post"}],"author":[{"embeddable":true,"href":"https:\/\/jornaldeitaipava.com.br\/index.php\/wp-json\/wp\/v2\/users\/1"}],"replies":[{"embeddable":true,"href":"https:\/\/jornaldeitaipava.com.br\/index.php\/wp-json\/wp\/v2\/comments?post=50499"}],"version-history":[{"count":2,"href":"https:\/\/jornaldeitaipava.com.br\/index.php\/wp-json\/wp\/v2\/posts\/50499\/revisions"}],"predecessor-version":[{"id":50514,"href":"https:\/\/jornaldeitaipava.com.br\/index.php\/wp-json\/wp\/v2\/posts\/50499\/revisions\/50514"}],"wp:featuredmedia":[{"embeddable":true,"href":"https:\/\/jornaldeitaipava.com.br\/index.php\/wp-json\/wp\/v2\/media\/20214"}],"wp:attachment":[{"href":"https:\/\/jornaldeitaipava.com.br\/index.php\/wp-json\/wp\/v2\/media?parent=50499"}],"wp:term":[{"taxonomy":"category","embeddable":true,"href":"https:\/\/jornaldeitaipava.com.br\/index.php\/wp-json\/wp\/v2\/categories?post=50499"},{"taxonomy":"post_tag","embeddable":true,"href":"https:\/\/jornaldeitaipava.com.br\/index.php\/wp-json\/wp\/v2\/tags?post=50499"}],"curies":[{"name":"wp","href":"https:\/\/api.w.org\/{rel}","templated":true}]}}