{"id":50505,"date":"2026-03-14T10:29:27","date_gmt":"2026-03-14T13:29:27","guid":{"rendered":"http:\/\/jornaldeitaipava.com.br\/?p=50505"},"modified":"2026-03-14T10:29:30","modified_gmt":"2026-03-14T13:29:30","slug":"casa-brisa-realiza-mais-uma-edicao-do-ipiranga-mix","status":"publish","type":"post","link":"https:\/\/jornaldeitaipava.com.br\/index.php\/2026\/03\/14\/casa-brisa-realiza-mais-uma-edicao-do-ipiranga-mix\/","title":{"rendered":"Casa Brisa realiza mais uma edi\u00e7\u00e3o do Ipiranga Mix"},"content":{"rendered":"\n<p>A Casa Brisa, em Petr\u00f3polis, recebe nos dias 15 e 16 de mar\u00e7o a edi\u00e7\u00e3o especial da feira multicultural Ipiranga Mix, que integra as celebra\u00e7\u00f5es pelos 183 anos da cidade. Com entrada franca, o evento acontece das 11h \u00e0s 19h, na Av. Ipiranga, 494, reunindo literatura, rodas de conversa, oficinas criativas e atividades culturais para p\u00fablicos de todas as idades.<\/p>\n\n\n\n<p>A programa\u00e7\u00e3o destaca principalmente a produ\u00e7\u00e3o liter\u00e1ria independente, com lan\u00e7amentos de livros, saraus, media\u00e7\u00f5es de leitura e atividades voltadas ao p\u00fablico infantil. A proposta \u00e9 aproximar autores e leitores, incentivar a circula\u00e7\u00e3o de obras e fortalecer a cena cultural local.<\/p>\n\n\n\n<p>No domingo (15), a programa\u00e7\u00e3o come\u00e7a \u00e0s 11h com o lan\u00e7amento do livro A menina que gostava de brincar de nada, de Cassiana Cardoso, acompanhado de uma oficina de bolas de sab\u00e3o gigantes. \u00c0s 14h, acontece o lan\u00e7amento de Pintando e PoeAmando Petr\u00f3polis, de Catarina Maul e Rodrigo Santana CB, seguido de uma oficina de desenhos conduzida pelo ilustrador.<\/p>\n\n\n\n<p>\u00c0s 15h, o evento promove uma roda de conversa sobre relacionamentos e afetividade entre mulheres, com Eliane Gregorius e Patr\u00edcia Quintas. Encerrando o dia, \u00e0s 16h, ocorre o lan\u00e7amento do livro Papo de Oficina \u2013 O conto das ferramentas falantes, do autor Jos\u00e9 Verneck, de Maric\u00e1.<\/p>\n\n\n\n<p>Na segunda-feira (16), feriado municipal pelo anivers\u00e1rio da cidade, a programa\u00e7\u00e3o come\u00e7a \u00e0s 11h com o Sarau da Confraria da Poesia Informal, em formato de microfone livre. \u00c0s 12h, a mediadora Alessandra San conduz uma roda de conversa com atividade sobre biblioterapia, explorando o potencial terap\u00eautico da leitura.<\/p>\n\n\n\n<p>\u00c0s 15h, o escritor Joaquim de Paula lan\u00e7a o livro A colcha do mundo, acompanhado de atividade infantil. Em seguida, \u00e0s 16h, a atriz Carol Pitzer apresenta uma leitura dramatizada do texto Phobos &amp; Deimos. A programa\u00e7\u00e3o se encerra \u00e0s 17h com a media\u00e7\u00e3o de leitura do livro Agapito e Leopoldina, conduzida por Cristina Ferreira.<\/p>\n\n\n\n<p>A Ipiranga Mix \u00e9 uma feira multicultural que re\u00fane arte, literatura, gastronomia e iniciativas criativas, valorizando artistas e produtores culturais da regi\u00e3o. A edi\u00e7\u00e3o especial refor\u00e7a o papel da cultura como elemento de encontro e celebra\u00e7\u00e3o da cidade.<\/p>\n\n\n\n<p>Servi\u00e7o<br>Ipiranga Mix \u2013 Edi\u00e7\u00e3o Especial Anivers\u00e1rio de Petr\u00f3polis<br>15 e 16 de mar\u00e7o<br>11h \u00e0s 19h<br>Casa Brisa \u2013 Av. Ipiranga, 494 \u2013 Petr\u00f3polis<br>\ud83c\udf9f Entrada franca<\/p>\n\n\n\n<p>Informa\u00e7\u00f5es: (24) 99318-4937<\/p>\n","protected":false},"excerpt":{"rendered":"<p>A Casa Brisa, em Petr\u00f3polis, recebe nos dias 15 e 16 de mar\u00e7o a edi\u00e7\u00e3o<\/p>\n","protected":false},"author":1,"featured_media":50506,"comment_status":"closed","ping_status":"open","sticky":false,"template":"","format":"standard","meta":{"spay_email":"","footnotes":"","jetpack_publicize_message":""},"categories":[1],"tags":[],"jetpack_featured_media_url":"https:\/\/i1.wp.com\/jornaldeitaipava.com.br\/wp-content\/uploads\/2026\/03\/WhatsApp-Image-2026-03-14-at-10.01.04.jpeg?fit=1599%2C1175&ssl=1","jetpack_publicize_connections":[],"jetpack_sharing_enabled":true,"jetpack_likes_enabled":true,"jetpack-related-posts":[],"_links":{"self":[{"href":"https:\/\/jornaldeitaipava.com.br\/index.php\/wp-json\/wp\/v2\/posts\/50505"}],"collection":[{"href":"https:\/\/jornaldeitaipava.com.br\/index.php\/wp-json\/wp\/v2\/posts"}],"about":[{"href":"https:\/\/jornaldeitaipava.com.br\/index.php\/wp-json\/wp\/v2\/types\/post"}],"author":[{"embeddable":true,"href":"https:\/\/jornaldeitaipava.com.br\/index.php\/wp-json\/wp\/v2\/users\/1"}],"replies":[{"embeddable":true,"href":"https:\/\/jornaldeitaipava.com.br\/index.php\/wp-json\/wp\/v2\/comments?post=50505"}],"version-history":[{"count":1,"href":"https:\/\/jornaldeitaipava.com.br\/index.php\/wp-json\/wp\/v2\/posts\/50505\/revisions"}],"predecessor-version":[{"id":50507,"href":"https:\/\/jornaldeitaipava.com.br\/index.php\/wp-json\/wp\/v2\/posts\/50505\/revisions\/50507"}],"wp:featuredmedia":[{"embeddable":true,"href":"https:\/\/jornaldeitaipava.com.br\/index.php\/wp-json\/wp\/v2\/media\/50506"}],"wp:attachment":[{"href":"https:\/\/jornaldeitaipava.com.br\/index.php\/wp-json\/wp\/v2\/media?parent=50505"}],"wp:term":[{"taxonomy":"category","embeddable":true,"href":"https:\/\/jornaldeitaipava.com.br\/index.php\/wp-json\/wp\/v2\/categories?post=50505"},{"taxonomy":"post_tag","embeddable":true,"href":"https:\/\/jornaldeitaipava.com.br\/index.php\/wp-json\/wp\/v2\/tags?post=50505"}],"curies":[{"name":"wp","href":"https:\/\/api.w.org\/{rel}","templated":true}]}}