{"id":50508,"date":"2026-03-14T10:32:22","date_gmt":"2026-03-14T13:32:22","guid":{"rendered":"http:\/\/jornaldeitaipava.com.br\/?p=50508"},"modified":"2026-03-14T10:32:25","modified_gmt":"2026-03-14T13:32:25","slug":"homem-fica-em-estado-grave-apos-acidente-de-moto-em-itaipava","status":"publish","type":"post","link":"https:\/\/jornaldeitaipava.com.br\/index.php\/2026\/03\/14\/homem-fica-em-estado-grave-apos-acidente-de-moto-em-itaipava\/","title":{"rendered":"Homem fica em estado grave ap\u00f3s acidente de moto em Itaipava"},"content":{"rendered":"\n<p>Um acidente de moto deixou um homem de 35 anos foi internado em estado grave, na manh\u00e3 deste s\u00e1bado (14), na Estrada Uni\u00e3o e Ind\u00fastria, na altura do Shopping Esta\u00e7\u00e3o, no sentido Centro, em Itaipava.<br>De acordo com o Corpo de Bombeiros, equipes do 26\u00ba Grupamento de Bombeiro Militar (26\u00ba GBM) foram acionadas por volta das 6h. A v\u00edtima foi socorrida no local e encaminhada ao Hospital Santa Teresa.<\/p>\n","protected":false},"excerpt":{"rendered":"<p>Um acidente de moto deixou um homem de 35 anos foi internado em estado grave,<\/p>\n","protected":false},"author":1,"featured_media":50509,"comment_status":"closed","ping_status":"open","sticky":false,"template":"","format":"standard","meta":{"spay_email":"","footnotes":"","jetpack_publicize_message":""},"categories":[2],"tags":[],"jetpack_featured_media_url":"https:\/\/i1.wp.com\/jornaldeitaipava.com.br\/wp-content\/uploads\/2026\/03\/acidente.png?fit=419%2C326&ssl=1","jetpack_publicize_connections":[],"jetpack_sharing_enabled":true,"jetpack_likes_enabled":true,"jetpack-related-posts":[],"_links":{"self":[{"href":"https:\/\/jornaldeitaipava.com.br\/index.php\/wp-json\/wp\/v2\/posts\/50508"}],"collection":[{"href":"https:\/\/jornaldeitaipava.com.br\/index.php\/wp-json\/wp\/v2\/posts"}],"about":[{"href":"https:\/\/jornaldeitaipava.com.br\/index.php\/wp-json\/wp\/v2\/types\/post"}],"author":[{"embeddable":true,"href":"https:\/\/jornaldeitaipava.com.br\/index.php\/wp-json\/wp\/v2\/users\/1"}],"replies":[{"embeddable":true,"href":"https:\/\/jornaldeitaipava.com.br\/index.php\/wp-json\/wp\/v2\/comments?post=50508"}],"version-history":[{"count":1,"href":"https:\/\/jornaldeitaipava.com.br\/index.php\/wp-json\/wp\/v2\/posts\/50508\/revisions"}],"predecessor-version":[{"id":50510,"href":"https:\/\/jornaldeitaipava.com.br\/index.php\/wp-json\/wp\/v2\/posts\/50508\/revisions\/50510"}],"wp:featuredmedia":[{"embeddable":true,"href":"https:\/\/jornaldeitaipava.com.br\/index.php\/wp-json\/wp\/v2\/media\/50509"}],"wp:attachment":[{"href":"https:\/\/jornaldeitaipava.com.br\/index.php\/wp-json\/wp\/v2\/media?parent=50508"}],"wp:term":[{"taxonomy":"category","embeddable":true,"href":"https:\/\/jornaldeitaipava.com.br\/index.php\/wp-json\/wp\/v2\/categories?post=50508"},{"taxonomy":"post_tag","embeddable":true,"href":"https:\/\/jornaldeitaipava.com.br\/index.php\/wp-json\/wp\/v2\/tags?post=50508"}],"curies":[{"name":"wp","href":"https:\/\/api.w.org\/{rel}","templated":true}]}}