{"id":50515,"date":"2026-03-15T10:37:04","date_gmt":"2026-03-15T13:37:04","guid":{"rendered":"http:\/\/jornaldeitaipava.com.br\/?p=50515"},"modified":"2026-03-15T10:37:08","modified_gmt":"2026-03-15T13:37:08","slug":"policia-prende-homem-apontado-como-chefe-do-trafico-em-petropolis","status":"publish","type":"post","link":"https:\/\/jornaldeitaipava.com.br\/index.php\/2026\/03\/15\/policia-prende-homem-apontado-como-chefe-do-trafico-em-petropolis\/","title":{"rendered":"Pol\u00edcia prende homem apontado como chefe do tr\u00e1fico em Petr\u00f3polis"},"content":{"rendered":"\n<p>A Pol\u00edcia Civil do Rio de Janeiro prendeu um homem apontado como chefe do tr\u00e1fico de drogas de Petr\u00f3polis. A pris\u00e3o aconteceu no s\u00e1bado (14), em um resort de luxo, na regi\u00e3o da Costa Verde). Segundo a pol\u00edcia, o suspeito tem liga\u00e7\u00e3o com a fac\u00e7\u00e3o criminosa Comando Vermelho e est\u00e1 envolvido diretamente com o planejamento de um ataque contra policiais civis. Na ocasi\u00e3o, o homem teria planejado um atentado contra agentes da 105\u00aa DP (Petr\u00f3polis).<br>Segundo informa\u00e7\u00f5es, ele estava foragido h\u00e1 mais de nove anos e tinha oito anota\u00e7\u00f5es criminais pelos crimes de tr\u00e1fico de drogas, associa\u00e7\u00e3o para o tr\u00e1fico e homic\u00eddio qualificado. Contra o homem, foram cumpridos quatro mandados de pris\u00e3o em aberto.<\/p>\n\n\n\n<p>*Com informa\u00e7\u00f5es da CNN<\/p>\n","protected":false},"excerpt":{"rendered":"<p>A Pol\u00edcia Civil do Rio de Janeiro prendeu um homem apontado como chefe do tr\u00e1fico<\/p>\n","protected":false},"author":1,"featured_media":50516,"comment_status":"closed","ping_status":"open","sticky":false,"template":"","format":"standard","meta":{"spay_email":"","footnotes":"","jetpack_publicize_message":""},"categories":[24],"tags":[],"jetpack_featured_media_url":"https:\/\/i1.wp.com\/jornaldeitaipava.com.br\/wp-content\/uploads\/2026\/03\/prisao.png?fit=389%2C247&ssl=1","jetpack_publicize_connections":[],"jetpack_sharing_enabled":true,"jetpack_likes_enabled":true,"jetpack-related-posts":[],"_links":{"self":[{"href":"https:\/\/jornaldeitaipava.com.br\/index.php\/wp-json\/wp\/v2\/posts\/50515"}],"collection":[{"href":"https:\/\/jornaldeitaipava.com.br\/index.php\/wp-json\/wp\/v2\/posts"}],"about":[{"href":"https:\/\/jornaldeitaipava.com.br\/index.php\/wp-json\/wp\/v2\/types\/post"}],"author":[{"embeddable":true,"href":"https:\/\/jornaldeitaipava.com.br\/index.php\/wp-json\/wp\/v2\/users\/1"}],"replies":[{"embeddable":true,"href":"https:\/\/jornaldeitaipava.com.br\/index.php\/wp-json\/wp\/v2\/comments?post=50515"}],"version-history":[{"count":1,"href":"https:\/\/jornaldeitaipava.com.br\/index.php\/wp-json\/wp\/v2\/posts\/50515\/revisions"}],"predecessor-version":[{"id":50517,"href":"https:\/\/jornaldeitaipava.com.br\/index.php\/wp-json\/wp\/v2\/posts\/50515\/revisions\/50517"}],"wp:featuredmedia":[{"embeddable":true,"href":"https:\/\/jornaldeitaipava.com.br\/index.php\/wp-json\/wp\/v2\/media\/50516"}],"wp:attachment":[{"href":"https:\/\/jornaldeitaipava.com.br\/index.php\/wp-json\/wp\/v2\/media?parent=50515"}],"wp:term":[{"taxonomy":"category","embeddable":true,"href":"https:\/\/jornaldeitaipava.com.br\/index.php\/wp-json\/wp\/v2\/categories?post=50515"},{"taxonomy":"post_tag","embeddable":true,"href":"https:\/\/jornaldeitaipava.com.br\/index.php\/wp-json\/wp\/v2\/tags?post=50515"}],"curies":[{"name":"wp","href":"https:\/\/api.w.org\/{rel}","templated":true}]}}