{"id":50528,"date":"2026-03-16T12:32:16","date_gmt":"2026-03-16T15:32:16","guid":{"rendered":"http:\/\/jornaldeitaipava.com.br\/?p=50528"},"modified":"2026-03-16T12:32:19","modified_gmt":"2026-03-16T15:32:19","slug":"prazo-para-enviar-declaracao-do-ir-comeca-na-proxima-segunda","status":"publish","type":"post","link":"https:\/\/jornaldeitaipava.com.br\/index.php\/2026\/03\/16\/prazo-para-enviar-declaracao-do-ir-comeca-na-proxima-segunda\/","title":{"rendered":"Prazo para enviar declara\u00e7\u00e3o do IR come\u00e7a na pr\u00f3xima segunda"},"content":{"rendered":"\n<p><strong>O prazo para envio da Declara\u00e7\u00e3o de Ajuste Anual do Imposto sobre a Renda da Pessoa F\u00edsica (DIRPF) de 2026 come\u00e7a na pr\u00f3xima segunda-feira (23) e segue at\u00e9 o dia 29 de maio.&nbsp;<\/strong><img decoding=\"async\" src=\"https:\/\/i0.wp.com\/agenciabrasil.ebc.com.br\/ebc.png?w=640&#038;ssl=1\" data-recalc-dims=\"1\"><img decoding=\"async\" src=\"https:\/\/i2.wp.com\/agenciabrasil.ebc.com.br\/ebc.gif?w=640&#038;ssl=1\" data-recalc-dims=\"1\"><\/p>\n\n\n\n<p>As informa\u00e7\u00f5es, referentes ao ano-calend\u00e1rio de 2025, foram publicadas nesta segunda-feira (16) pela Receita Federal por meio de<a href=\"https:\/\/www.in.gov.br\/en\/web\/dou\/-\/instrucao-normativa-rfb-n-2.312-de-13-de-marco-de-2026-692748727\" target=\"_blank\" rel=\"noreferrer noopener\">&nbsp;instru\u00e7\u00e3o normativa<\/a>&nbsp;no&nbsp;<em>Di\u00e1rio Oficial da Uni\u00e3o<\/em>.<\/p>\n\n\n\n<p>De acordo com o texto,&nbsp;<strong>devem apresentar a declara\u00e7\u00e3o contribuintes residentes no Brasil que receberam rendimentos tribut\u00e1veis superiores a R$ 35.584 em 2025.&nbsp;<\/strong><br><br>Tamb\u00e9m est\u00e3o obrigadas a enviar a declara\u00e7\u00e3o pessoas que receberam rendimentos isentos, n\u00e3o tribut\u00e1veis ou tributados exclusivamente na fonte acima de R$ 200 mil.<\/p>\n\n\n\n<p>A obrigatoriedade tamb\u00e9m vale para investidores que fizeram opera\u00e7\u00f5es de aliena\u00e7\u00e3o em bolsas de valores, de mercadorias, de futuros e assemelhadas, cuja soma foi superior a R$ 40 mil ou que tiveram ganhos l\u00edquidos sujeitos \u00e0 tributa\u00e7\u00e3o.<\/p>\n\n\n\n<p>No caso da atividade rural, devem declarar os contribuintes que registraram receita bruta superior a R$ 177.920.&nbsp;<\/p>\n\n\n\n<p>De acordo com o texto, a declara\u00e7\u00e3o deve ser elaborada, exclusivamente, por meio dos seguintes canais:<\/p>\n\n\n\n<ul>\n<li>Programa Gerador da Declara\u00e7\u00e3o (PGD) relativo ao exerc\u00edcio de 2026, dispon\u00edvel para download no&nbsp;<a href=\"http:\/\/www.gov.br\/receitafederal\" target=\"_blank\" rel=\"noreferrer noopener\"><em>site<\/em>&nbsp;da Secretaria Especial da Receita Federal<\/a>;<\/li>\n\n\n\n<li>servi\u00e7o Meu Imposto de Renda, tamb\u00e9m dispon\u00edvel no site da secretaria e em aplicativo da secretaria para dispositivos m\u00f3veis como tablets e smartphones.<\/li>\n<\/ul>\n\n\n\n<p>Tira-d\u00favidas<\/p>\n\n\n\n<p>No ar desde 2023, a&nbsp;<a href=\"https:\/\/agenciabrasil.ebc.com.br\/radioagencia-nacional\/economia\/audio\/2026-03\/serie-tira-duvidas-sobre-como-declarar-o-imposto-de-renda-2026\" target=\"_blank\" rel=\"noreferrer noopener\">s\u00e9rie Tira-D\u00favidas do IR<\/a>, da&nbsp;<strong>Radioag\u00eancia Nacional<\/strong>, ter\u00e1 22 epis\u00f3dios em 2026. Os \u00e1udios&nbsp;ser\u00e3o exibidos pela&nbsp;<strong>R\u00e1dio Nacional<\/strong>&nbsp;e estar\u00e3o dispon\u00edveis na&nbsp;<strong>Radioag\u00eancia Nacional<\/strong>&nbsp;e&nbsp;<strong>Ag\u00eancia Brasil<\/strong>. De hoje at\u00e9 o \u00faltimo dia da declara\u00e7\u00e3o, os ve\u00edculos&nbsp;publicam&nbsp;epis\u00f3dios \u00e0s segundas e sextas-feiras.&nbsp;<\/p>\n","protected":false},"excerpt":{"rendered":"<p>O prazo para envio da Declara\u00e7\u00e3o de Ajuste Anual do Imposto sobre a Renda da<\/p>\n","protected":false},"author":1,"featured_media":33912,"comment_status":"closed","ping_status":"open","sticky":false,"template":"","format":"standard","meta":{"spay_email":"","footnotes":"","jetpack_publicize_message":""},"categories":[2],"tags":[],"jetpack_featured_media_url":"https:\/\/i0.wp.com\/jornaldeitaipava.com.br\/wp-content\/uploads\/2023\/03\/imposto-de-renda_mcamgo_abr_030320221818-4.jpg?fit=658%2C465&ssl=1","jetpack_publicize_connections":[],"jetpack_sharing_enabled":true,"jetpack_likes_enabled":true,"jetpack-related-posts":[],"_links":{"self":[{"href":"https:\/\/jornaldeitaipava.com.br\/index.php\/wp-json\/wp\/v2\/posts\/50528"}],"collection":[{"href":"https:\/\/jornaldeitaipava.com.br\/index.php\/wp-json\/wp\/v2\/posts"}],"about":[{"href":"https:\/\/jornaldeitaipava.com.br\/index.php\/wp-json\/wp\/v2\/types\/post"}],"author":[{"embeddable":true,"href":"https:\/\/jornaldeitaipava.com.br\/index.php\/wp-json\/wp\/v2\/users\/1"}],"replies":[{"embeddable":true,"href":"https:\/\/jornaldeitaipava.com.br\/index.php\/wp-json\/wp\/v2\/comments?post=50528"}],"version-history":[{"count":1,"href":"https:\/\/jornaldeitaipava.com.br\/index.php\/wp-json\/wp\/v2\/posts\/50528\/revisions"}],"predecessor-version":[{"id":50529,"href":"https:\/\/jornaldeitaipava.com.br\/index.php\/wp-json\/wp\/v2\/posts\/50528\/revisions\/50529"}],"wp:featuredmedia":[{"embeddable":true,"href":"https:\/\/jornaldeitaipava.com.br\/index.php\/wp-json\/wp\/v2\/media\/33912"}],"wp:attachment":[{"href":"https:\/\/jornaldeitaipava.com.br\/index.php\/wp-json\/wp\/v2\/media?parent=50528"}],"wp:term":[{"taxonomy":"category","embeddable":true,"href":"https:\/\/jornaldeitaipava.com.br\/index.php\/wp-json\/wp\/v2\/categories?post=50528"},{"taxonomy":"post_tag","embeddable":true,"href":"https:\/\/jornaldeitaipava.com.br\/index.php\/wp-json\/wp\/v2\/tags?post=50528"}],"curies":[{"name":"wp","href":"https:\/\/api.w.org\/{rel}","templated":true}]}}