{"id":50530,"date":"2026-03-16T12:35:52","date_gmt":"2026-03-16T15:35:52","guid":{"rendered":"http:\/\/jornaldeitaipava.com.br\/?p=50530"},"modified":"2026-03-16T12:35:58","modified_gmt":"2026-03-16T15:35:58","slug":"operacao-com-carretas-de-grande-porte-interditara-a-descida-da-serra-de-petropolis-na-madrugada-de-17-03","status":"publish","type":"post","link":"https:\/\/jornaldeitaipava.com.br\/index.php\/2026\/03\/16\/operacao-com-carretas-de-grande-porte-interditara-a-descida-da-serra-de-petropolis-na-madrugada-de-17-03\/","title":{"rendered":"Opera\u00e7\u00e3o com Carretas de Grande Porte Interditar\u00e1 a Descida da Serra de Petr\u00f3polis na Madrugada de 17\/03"},"content":{"rendered":"\n<p>arretas de grande porte subir\u00e3o a Serra de Petr\u00f3polis pela pista de descida, em opera\u00e7\u00e3o prevista para ocorrer na madrugada do dia 17\/03\/2026 (virada de segunda para ter\u00e7a-feira), entre meia-noite e 4h. A revers\u00e3o da pista de descida exigir\u00e1 a interdi\u00e7\u00e3o total do trecho entre o km 80 e km 102, no sentido RJ.<\/p>\n\n\n\n<p>A opera\u00e7\u00e3o ser\u00e1 necess\u00e1ria porque os ve\u00edculos de carga t\u00eam dimens\u00f5es que impedem sua passagem pela pista de subida, de tra\u00e7ado quase centen\u00e1rio. Equipes da Elovias e PRF v\u00e3o acompanhar a opera\u00e7\u00e3o, que poder\u00e1 ser adiada se n\u00e3o houver condi\u00e7\u00f5es clim\u00e1ticas ou operacionais favor\u00e1veis.<\/p>\n\n\n\n<p>Programe sua viagem e evite reten\u00e7\u00f5es nesse trecho da rodovia durante a opera\u00e7\u00e3o especial.<\/p>\n\n\n\n<p>Para obter informa\u00e7\u00f5es atualizadas sobre as condi\u00e7\u00f5es de tr\u00e1fego na BR-040\/495, o usu\u00e1rio deve ligar para o 0800 040 0495 ou pelo WhatsApp (21) 9 8040-0113.<\/p>\n","protected":false},"excerpt":{"rendered":"<p>arretas de grande porte subir\u00e3o a Serra de Petr\u00f3polis pela pista de descida, em opera\u00e7\u00e3o<\/p>\n","protected":false},"author":1,"featured_media":36252,"comment_status":"closed","ping_status":"open","sticky":false,"template":"","format":"standard","meta":{"spay_email":"","footnotes":"","jetpack_publicize_message":""},"categories":[24],"tags":[],"jetpack_featured_media_url":"https:\/\/i1.wp.com\/jornaldeitaipava.com.br\/wp-content\/uploads\/2023\/08\/Projecao-de-nova-subida-da-serra.png?fit=720%2C405&ssl=1","jetpack_publicize_connections":[],"jetpack_sharing_enabled":true,"jetpack_likes_enabled":true,"jetpack-related-posts":[],"_links":{"self":[{"href":"https:\/\/jornaldeitaipava.com.br\/index.php\/wp-json\/wp\/v2\/posts\/50530"}],"collection":[{"href":"https:\/\/jornaldeitaipava.com.br\/index.php\/wp-json\/wp\/v2\/posts"}],"about":[{"href":"https:\/\/jornaldeitaipava.com.br\/index.php\/wp-json\/wp\/v2\/types\/post"}],"author":[{"embeddable":true,"href":"https:\/\/jornaldeitaipava.com.br\/index.php\/wp-json\/wp\/v2\/users\/1"}],"replies":[{"embeddable":true,"href":"https:\/\/jornaldeitaipava.com.br\/index.php\/wp-json\/wp\/v2\/comments?post=50530"}],"version-history":[{"count":1,"href":"https:\/\/jornaldeitaipava.com.br\/index.php\/wp-json\/wp\/v2\/posts\/50530\/revisions"}],"predecessor-version":[{"id":50531,"href":"https:\/\/jornaldeitaipava.com.br\/index.php\/wp-json\/wp\/v2\/posts\/50530\/revisions\/50531"}],"wp:featuredmedia":[{"embeddable":true,"href":"https:\/\/jornaldeitaipava.com.br\/index.php\/wp-json\/wp\/v2\/media\/36252"}],"wp:attachment":[{"href":"https:\/\/jornaldeitaipava.com.br\/index.php\/wp-json\/wp\/v2\/media?parent=50530"}],"wp:term":[{"taxonomy":"category","embeddable":true,"href":"https:\/\/jornaldeitaipava.com.br\/index.php\/wp-json\/wp\/v2\/categories?post=50530"},{"taxonomy":"post_tag","embeddable":true,"href":"https:\/\/jornaldeitaipava.com.br\/index.php\/wp-json\/wp\/v2\/tags?post=50530"}],"curies":[{"name":"wp","href":"https:\/\/api.w.org\/{rel}","templated":true}]}}