{"id":50532,"date":"2026-03-17T19:16:32","date_gmt":"2026-03-17T22:16:32","guid":{"rendered":"http:\/\/jornaldeitaipava.com.br\/?p=50532"},"modified":"2026-03-17T19:17:17","modified_gmt":"2026-03-17T22:17:17","slug":"alerj-aprova-criacao-do-programa-jovens-embaixadores-do-livro-e-projeto-segue-para-sancao-do-governador","status":"publish","type":"post","link":"https:\/\/jornaldeitaipava.com.br\/index.php\/2026\/03\/17\/alerj-aprova-criacao-do-programa-jovens-embaixadores-do-livro-e-projeto-segue-para-sancao-do-governador\/","title":{"rendered":"Alerj aprova cria\u00e7\u00e3o do programa &#8220;Jovens Embaixadores do Livro&#8221; e projeto segue para san\u00e7\u00e3o do governador"},"content":{"rendered":"\n<p><strong>Iniciativa da deputada Dani Balbi visa formar jovens multiplicadores da leitura em todo o estado do Rio de Janeiro; programa inclui capacita\u00e7\u00e3o, parcerias com editoras e incentivo \u00e0 produ\u00e7\u00e3o liter\u00e1ria local.<\/strong><\/p>\n\n\n\n<p>A Assembleia Legislativa do Estado do Rio de Janeiro aprovou nesta quinta-feira (12), em segunda discuss\u00e3o, o Projeto de Lei 4.761\/25, que institui o programa &#8220;Jovens Embaixadores do Livro&#8221;. De autoria da deputada estadual Dani Balbi (PCdoB), a proposta segue agora para an\u00e1lise do governador Cl\u00e1udio Castro. A iniciativa tem como objetivo central promover o acesso \u00e0 leitura, \u00e0 cultura e \u00e0 educa\u00e7\u00e3o, por meio da forma\u00e7\u00e3o de jovens multiplicadores de conhecimento e incentivadores da literatura em todo o territ\u00f3rio fluminense.<\/p>\n\n\n\n<p>A aprova\u00e7\u00e3o do projeto representa um marco no fortalecimento das pol\u00edticas p\u00fablicas culturais e educacionais no estado. Em um cen\u00e1rio de desigualdade no acesso ao livro e \u00e0 forma\u00e7\u00e3o leitora, o programa surge como uma estrat\u00e9gia estruturada para democratizar a leitura, incentivar pr\u00e1ticas culturais nos territ\u00f3rios e ampliar o alcance das bibliotecas p\u00fablicas, especialmente em regi\u00f5es perif\u00e9ricas e com menor oferta de equipamentos culturais.<\/p>\n\n\n\n<p>Forma\u00e7\u00e3o de jovens agentes culturais<\/p>\n\n\n\n<p>O programa ser\u00e1 destinado a jovens entre 15 e 29 anos, regularmente matriculados em institui\u00e7\u00f5es de ensino p\u00fablicas ou privadas, ou que possuam v\u00ednculo com organiza\u00e7\u00f5es da sociedade civil. A sele\u00e7\u00e3o ser\u00e1 realizada por meio de edital p\u00fablico, com acompanhamento do Conselho Estadual de Pol\u00edticas Culturais e Economia Criativa, garantindo transpar\u00eancia e crit\u00e9rios t\u00e9cnicos, como interesse pela leitura, engajamento comunit\u00e1rio e potencial de atua\u00e7\u00e3o territorial.<\/p>\n\n\n\n<p>Os participantes selecionados receber\u00e3o forma\u00e7\u00e3o continuada em media\u00e7\u00e3o de leitura, produ\u00e7\u00e3o cultural, dinamiza\u00e7\u00e3o de atividades liter\u00e1rias e gest\u00e3o de projetos socioculturais. O projeto tamb\u00e9m prev\u00ea acompanhamento pedag\u00f3gico e suporte t\u00e9cnico, assegurando que os jovens tenham condi\u00e7\u00f5es efetivas de atuar como agentes de transforma\u00e7\u00e3o em suas comunidades, promovendo rodas de leitura, saraus, oficinas e outras iniciativas culturais.<\/p>\n\n\n\n<p>Rede de parcerias e atua\u00e7\u00e3o territorial<\/p>\n\n\n\n<p>Um dos diferenciais do programa \u00e9 sua proposta de atua\u00e7\u00e3o em rede, envolvendo parcerias entre o poder p\u00fablico, institui\u00e7\u00f5es culturais, escolas, bibliotecas, organiza\u00e7\u00f5es n\u00e3o governamentais e o setor privado. A articula\u00e7\u00e3o com editoras, livrarias e autores permitir\u00e1 a realiza\u00e7\u00e3o de eventos liter\u00e1rios, doa\u00e7\u00e3o de livros e desenvolvimento de a\u00e7\u00f5es conjuntas que ampliem o acesso \u00e0 leitura.<\/p>\n\n\n\n<p>Essa estrutura colaborativa fortalece a capilaridade do programa em todo o estado do Rio de Janeiro, promovendo uma pol\u00edtica cultural descentralizada e alinhada \u00e0s realidades locais. A iniciativa tamb\u00e9m contribui para consolidar uma pol\u00edtica de base comunit\u00e1ria, na qual os pr\u00f3prios jovens assumem protagonismo na difus\u00e3o da cultura e do conhecimento.<\/p>\n\n\n\n<p>Incentivo \u00e0 produ\u00e7\u00e3o liter\u00e1ria fluminense<\/p>\n\n\n\n<p>Al\u00e9m da promo\u00e7\u00e3o da leitura, o programa tamb\u00e9m prev\u00ea o incentivo \u00e0 produ\u00e7\u00e3o liter\u00e1ria local, reconhecendo a import\u00e2ncia de valorizar autores fluminenses e fomentar a diversidade cultural. A proposta inclui a amplia\u00e7\u00e3o e atualiza\u00e7\u00e3o de acervos em bibliotecas p\u00fablicas, bem como a cria\u00e7\u00e3o de circuitos liter\u00e1rios que aproximem escritores e leitores.<\/p>\n\n\n\n<p>Ao integrar forma\u00e7\u00e3o, acesso ao livro e est\u00edmulo \u00e0 produ\u00e7\u00e3o cultural, o projeto contribui para o fortalecimento de toda a cadeia do livro no estado, envolvendo desde leitores iniciantes at\u00e9 autores e agentes do mercado editorial.<\/p>\n\n\n\n<p>Deputada afirma que a leitura transforma vidas<\/p>\n\n\n\n<p>&#8220;A aprova\u00e7\u00e3o do programa &#8216;Jovens Embaixadores do Livro&#8217; \u00e9 uma vit\u00f3ria da cultura e da educa\u00e7\u00e3o no Rio de Janeiro. Sabemos que a leitura transforma vidas, amplia horizontes, fortalece o pensamento cr\u00edtico e abre portas para o futuro. Mas tamb\u00e9m sabemos que o acesso ao livro e \u00e0 literatura ainda \u00e9 profundamente desigual no nosso estado. Este programa vem justamente enfrentar essa desigualdade, formando jovens que v\u00e3o atuar como agentes culturais em suas comunidades, levando a leitura para onde ela ainda n\u00e3o chega. Agora aguardamos a san\u00e7\u00e3o do governador para que possamos colocar essa pol\u00edtica em pr\u00e1tica e transformar a vida de milhares de jovens fluminenses&#8221;, afirmou a deputada Dani Balbi.<\/p>\n\n\n\n<p>Pr\u00f3ximos passos<\/p>\n\n\n\n<p>Com a aprova\u00e7\u00e3o em segunda discuss\u00e3o na Assembleia Legislativa do Estado do Rio de Janeiro, o Projeto de Lei 4.761\/25 segue para san\u00e7\u00e3o do governador Cl\u00e1udio Castro, que poder\u00e1 sancionar ou vetar a proposta dentro do prazo legal. Caso seja sancionado, o programa &#8220;Jovens Embaixadores do Livro&#8221; ser\u00e1 implementado pela Secretaria de Estado de Cultura e Economia Criativa, em articula\u00e7\u00e3o com o Conselho Estadual de Pol\u00edticas Culturais e Economia Criativa.<\/p>\n\n\n\n<p>A expectativa \u00e9 que a iniciativa se consolide como uma pol\u00edtica p\u00fablica estruturante, capaz de impactar diretamente a forma\u00e7\u00e3o de leitores, fortalecer a cidadania cultural e ampliar as oportunidades para a juventude em todo o estado.<\/p>\n","protected":false},"excerpt":{"rendered":"<p>Iniciativa da deputada Dani Balbi visa formar jovens multiplicadores da leitura em todo o estado<\/p>\n","protected":false},"author":1,"featured_media":50533,"comment_status":"closed","ping_status":"open","sticky":false,"template":"","format":"standard","meta":{"spay_email":"","footnotes":"","jetpack_publicize_message":""},"categories":[5],"tags":[],"jetpack_featured_media_url":"https:\/\/i2.wp.com\/jornaldeitaipava.com.br\/wp-content\/uploads\/2026\/03\/WhatsApp-Image-2026-03-17-at-17.11.55.jpeg?fit=1600%2C1066&ssl=1","jetpack_publicize_connections":[],"jetpack_sharing_enabled":true,"jetpack_likes_enabled":true,"jetpack-related-posts":[],"_links":{"self":[{"href":"https:\/\/jornaldeitaipava.com.br\/index.php\/wp-json\/wp\/v2\/posts\/50532"}],"collection":[{"href":"https:\/\/jornaldeitaipava.com.br\/index.php\/wp-json\/wp\/v2\/posts"}],"about":[{"href":"https:\/\/jornaldeitaipava.com.br\/index.php\/wp-json\/wp\/v2\/types\/post"}],"author":[{"embeddable":true,"href":"https:\/\/jornaldeitaipava.com.br\/index.php\/wp-json\/wp\/v2\/users\/1"}],"replies":[{"embeddable":true,"href":"https:\/\/jornaldeitaipava.com.br\/index.php\/wp-json\/wp\/v2\/comments?post=50532"}],"version-history":[{"count":1,"href":"https:\/\/jornaldeitaipava.com.br\/index.php\/wp-json\/wp\/v2\/posts\/50532\/revisions"}],"predecessor-version":[{"id":50534,"href":"https:\/\/jornaldeitaipava.com.br\/index.php\/wp-json\/wp\/v2\/posts\/50532\/revisions\/50534"}],"wp:featuredmedia":[{"embeddable":true,"href":"https:\/\/jornaldeitaipava.com.br\/index.php\/wp-json\/wp\/v2\/media\/50533"}],"wp:attachment":[{"href":"https:\/\/jornaldeitaipava.com.br\/index.php\/wp-json\/wp\/v2\/media?parent=50532"}],"wp:term":[{"taxonomy":"category","embeddable":true,"href":"https:\/\/jornaldeitaipava.com.br\/index.php\/wp-json\/wp\/v2\/categories?post=50532"},{"taxonomy":"post_tag","embeddable":true,"href":"https:\/\/jornaldeitaipava.com.br\/index.php\/wp-json\/wp\/v2\/tags?post=50532"}],"curies":[{"name":"wp","href":"https:\/\/api.w.org\/{rel}","templated":true}]}}