{"id":50575,"date":"2026-03-18T17:56:54","date_gmt":"2026-03-18T20:56:54","guid":{"rendered":"http:\/\/jornaldeitaipava.com.br\/?p=50575"},"modified":"2026-03-18T17:56:59","modified_gmt":"2026-03-18T20:56:59","slug":"cameras-privadas-passam-a-reforcar-monitoramento-da-pm-com-inteligencia-artificial-sem-custo-para-lojistas","status":"publish","type":"post","link":"https:\/\/jornaldeitaipava.com.br\/index.php\/2026\/03\/18\/cameras-privadas-passam-a-reforcar-monitoramento-da-pm-com-inteligencia-artificial-sem-custo-para-lojistas\/","title":{"rendered":"C\u00e2meras privadas passam a refor\u00e7ar monitoramento da PM com intelig\u00eancia artificial, sem custo para lojistas"},"content":{"rendered":"\n<p>C\u00e2meras de lojas e resid\u00eancias podem ir al\u00e9m da vigil\u00e2ncia privada e passar a integrar, em tempo real, a atua\u00e7\u00e3o da Pol\u00edcia Militar em Petr\u00f3polis \u2014 agora com o refor\u00e7o de tecnologias como reconhecimento facial e leitura de placas de ve\u00edculos. Gratuito, o programa 190 Integrado transforma empres\u00e1rios e moradores em parte de uma rede colaborativa de monitoramento, ampliando o alcance e a capacidade de resposta da PM. E m reuni\u00e3o nesta ter\u00e7a-feira (17), na CDL, a estrat\u00e9gia passou a ser ampliar a ades\u00e3o do com\u00e9rcio \u00e0 iniciativa.<\/p>\n\n\n\n<p>A expans\u00e3o da participa\u00e7\u00e3o do com\u00e9rcio foi discutida pelo presidente da CDL, Cl\u00e1udio Mohammad; o comandante do 26\u00ba Batalh\u00e3o da PM, tenente-coronel Leandro Rasteiro; o subcomandante do BPM,&nbsp;tenente-coronel Alberto F\u00e9lix e o chefe da subse\u00e7\u00e3o de Tecnologia Integrada&nbsp;vinculada \u00e0 Diretoria de Infraestrutura e Tecnologia (DIT), tenente Rafael Pereira. Neste primeiro alinhamento estrat\u00e9gico para intensificar a ades\u00e3o de empres\u00e1rios ao sistema tamb\u00e9m participou o presidente do Sindicato dos Condom\u00ednios de Petr\u00f3polis ( SICOPE ) Carlos Eduardo Ramos.<\/p>\n\n\n\n<p>A avalia\u00e7\u00e3o conjunta \u00e9 de que o desafio agora passa pela sensibiliza\u00e7\u00e3o e engajamento direto dos lojistas. A CDL dever\u00e1 liderar esse processo, estruturando a\u00e7\u00f5es de comunica\u00e7\u00e3o e aproxima\u00e7\u00e3o com o com\u00e9rcio local.<\/p>\n\n\n\n<p>Segundo ele, a ades\u00e3o dos empres\u00e1rios \u00e9 decisiva para ampliar a cobertura do sistema na cidade. \u201cEstamos falando de uma ferramenta gratuita, moderna e com impacto direto na seguran\u00e7a. Quanto maior a rede de c\u00e2meras integradas, mais eficiente ser\u00e1 a atua\u00e7\u00e3o das for\u00e7as de seguran\u00e7a. A CDL assume esse compromisso de mobiliza\u00e7\u00e3o junto aos lojistas\u201d, garante. Para Carlos Eduardo Ramos, os condom\u00ednios tamb\u00e9m podem contribuir de forma decisiva com imagens externas. \u201c\u00c9 uma iniciativa simples, sem custo, que fortalece a seguran\u00e7a coletiva e integra diferentes pontos da cidade em uma mesma conex\u00e3o. Vamos estar empenhados para expandir essa rede de prote\u00e7\u00e3o\u201d.<\/p>\n\n\n\n<p>O comandante do 26\u00ba BPM destacou que o momento \u00e9 de consolidar a parceria com o setor produtivo. \u201cA Pol\u00edcia Militar j\u00e1 disp\u00f5e de uma tecnologia robusta, que permite monitoramento inteligente e gera\u00e7\u00e3o de alertas em tempo real. O que buscamos agora \u00e9 ampliar essa rede com a participa\u00e7\u00e3o ativa do com\u00e9rcio, que tem um papel estrat\u00e9gico nesse processo\u201d, explica o tenente- coronel Leandro Rasteiro.<\/p>\n\n\n\n<p>De acordo com o oficial, a integra\u00e7\u00e3o das c\u00e2meras particulares potencializa a capacidade de resposta das equipes em campo. \u201cCada c\u00e2mera conectada representa um novo ponto de apoio para o trabalho policial. Isso se traduz em mais agilidade nas ocorr\u00eancias, maior capacidade de identifica\u00e7\u00e3o e, consequentemente, mais seguran\u00e7a para toda a popula\u00e7\u00e3o\u201d, afirmou Rasteiro.<\/p>\n\n\n\n<p>O subcomandante do batalh\u00e3o, tenente-coronel Alberto F\u00e9lix, tamb\u00e9m refor\u00e7ou a import\u00e2ncia da ades\u00e3o. \u201c\u00c9 uma constru\u00e7\u00e3o coletiva. Quando o comerciante participa, ele n\u00e3o est\u00e1 apenas protegendo o seu estabelecimento, mas contribuindo diretamente para a seguran\u00e7a de toda a cidade\u201d, aponta.<\/p>\n\n\n\n<p>O programa 190 Integrado permite que c\u00e2meras de resid\u00eancias e estabelecimentos comerciais sejam conectadas ao sistema da Pol\u00edcia Militar, de forma volunt\u00e1ria e gratuita. Com o uso de softwares de intelig\u00eancia artificial, a plataforma realiza reconhecimento facial e leitura de placas de ve\u00edculos, auxiliando na identifica\u00e7\u00e3o de suspeitos e na recupera\u00e7\u00e3o de ve\u00edculos.<\/p>\n\n\n\n<p>\u201cA entrada de novos pontos de imagem expande a malha de monitoramento e melhora o fluxo de dados para o centro de comando e controle, com alertas automatizados por reconhecimento facial e leitura de placas veiculares. Na pr\u00e1tica, isso otimiza o despacho das viaturas e eleva a assertividade das abordagens\u201d, afirma o tenente Rafael Pereira.<\/p>\n\n\n\n<p><strong>Veja como aderir ao 190 Integrado da PM:<\/strong><\/p>\n\n\n\n<p>Lan\u00e7ado pela Secretaria de Estado de Pol\u00edcia Militar, o programa 190 Integrado permite que imagens de c\u00e2meras e alertas de sensores de estabelecimentos particulares sejam conectados diretamente ao sistema de atendimento emergencial da PM, ampliando a capacidade de resposta e tornando as a\u00e7\u00f5es policiais mais \u00e1geis e eficientes.<\/p>\n\n\n\n<p>A ades\u00e3o \u00e9 simples, sem custo, e come\u00e7a com um cadastro online, feito no site oficial da Pol\u00edcia Militar do Estado do Rio de Janeiro (<a href=\"https:\/\/sepm.rj.gov.br\/190-integrado\/\" rel=\"noreferrer noopener\" target=\"_blank\">https:\/\/sepm.rj.gov.br\/190-integrado\/<\/a>). Ap\u00f3s essa etapa, o participante pode autorizar o compartilhamento de imagens e sistemas de alerta, contribuindo com o monitoramento de \u00e1reas p\u00fablicas e com o trabalho das for\u00e7as de seguran\u00e7a.<\/p>\n\n\n\n<p>O pedido passa ent\u00e3o por uma an\u00e1lise da Diretoria de Intelig\u00eancia da PMERJ (DIT), com prazo de at\u00e9 15 dias \u00fateis para aprova\u00e7\u00e3o. Conclu\u00edda essa fase, o interessado recebe por e-mail o Termo de Coopera\u00e7\u00e3o, que deve ser preenchido, assinado e devolvido em at\u00e9 cinco dias \u00fateis para efetivar a integra\u00e7\u00e3o ao sistema.<\/p>\n\n\n\n<p>Mais informa\u00e7\u00f5es podem ser obtidas no site da Pol\u00edcia Militar ou pelo e-mail da Diretoria de Intelig\u00eancia:&nbsp;<a href=\"mailto:dit@pmerj.rj.gov.br\" target=\"_blank\" rel=\"noreferrer noopener\">dit@pmerj.rj.gov.br<\/a>.<\/p>\n","protected":false},"excerpt":{"rendered":"<p>C\u00e2meras de lojas e resid\u00eancias podem ir al\u00e9m da vigil\u00e2ncia privada e passar a integrar,<\/p>\n","protected":false},"author":1,"featured_media":50576,"comment_status":"closed","ping_status":"open","sticky":false,"template":"","format":"standard","meta":{"spay_email":"","footnotes":"","jetpack_publicize_message":""},"categories":[24],"tags":[],"jetpack_featured_media_url":"https:\/\/i2.wp.com\/jornaldeitaipava.com.br\/wp-content\/uploads\/2026\/03\/Reuniao-com-a-PMERJ-4.jpeg?fit=1280%2C960&ssl=1","jetpack_publicize_connections":[],"jetpack_sharing_enabled":true,"jetpack_likes_enabled":true,"jetpack-related-posts":[],"_links":{"self":[{"href":"https:\/\/jornaldeitaipava.com.br\/index.php\/wp-json\/wp\/v2\/posts\/50575"}],"collection":[{"href":"https:\/\/jornaldeitaipava.com.br\/index.php\/wp-json\/wp\/v2\/posts"}],"about":[{"href":"https:\/\/jornaldeitaipava.com.br\/index.php\/wp-json\/wp\/v2\/types\/post"}],"author":[{"embeddable":true,"href":"https:\/\/jornaldeitaipava.com.br\/index.php\/wp-json\/wp\/v2\/users\/1"}],"replies":[{"embeddable":true,"href":"https:\/\/jornaldeitaipava.com.br\/index.php\/wp-json\/wp\/v2\/comments?post=50575"}],"version-history":[{"count":1,"href":"https:\/\/jornaldeitaipava.com.br\/index.php\/wp-json\/wp\/v2\/posts\/50575\/revisions"}],"predecessor-version":[{"id":50577,"href":"https:\/\/jornaldeitaipava.com.br\/index.php\/wp-json\/wp\/v2\/posts\/50575\/revisions\/50577"}],"wp:featuredmedia":[{"embeddable":true,"href":"https:\/\/jornaldeitaipava.com.br\/index.php\/wp-json\/wp\/v2\/media\/50576"}],"wp:attachment":[{"href":"https:\/\/jornaldeitaipava.com.br\/index.php\/wp-json\/wp\/v2\/media?parent=50575"}],"wp:term":[{"taxonomy":"category","embeddable":true,"href":"https:\/\/jornaldeitaipava.com.br\/index.php\/wp-json\/wp\/v2\/categories?post=50575"},{"taxonomy":"post_tag","embeddable":true,"href":"https:\/\/jornaldeitaipava.com.br\/index.php\/wp-json\/wp\/v2\/tags?post=50575"}],"curies":[{"name":"wp","href":"https:\/\/api.w.org\/{rel}","templated":true}]}}