{"id":50609,"date":"2026-03-19T11:30:12","date_gmt":"2026-03-19T14:30:12","guid":{"rendered":"http:\/\/jornaldeitaipava.com.br\/?p=50609"},"modified":"2026-03-19T11:30:16","modified_gmt":"2026-03-19T14:30:16","slug":"educacao-no-transito-carreta-do-cinema-rodoviario-da-prf-chega-a-petropolis","status":"publish","type":"post","link":"https:\/\/jornaldeitaipava.com.br\/index.php\/2026\/03\/19\/educacao-no-transito-carreta-do-cinema-rodoviario-da-prf-chega-a-petropolis\/","title":{"rendered":"Educa\u00e7\u00e3o no Tr\u00e2nsito: Carreta do Cinema Rodovi\u00e1rio da PRF chega \u00e0 Petr\u00f3polis"},"content":{"rendered":"\n<p class=\"has-text-align-center\"><strong>A programa\u00e7\u00e3o tem in\u00edcio hoje (19) e segue at\u00e9 segunda (23) com palestras exclusivas para alunos da Est\u00e1cio<\/strong><\/p>\n\n\n\n<p>A Carreta do Cinema Rodovi\u00e1rio da Pol\u00edcia Rodovi\u00e1ria Federal (PRF) chega \u00e0 Petr\u00f3polis e, a partir de hoje (19) at\u00e9 segunda (23) estar\u00e1 na Pra\u00e7a Visconde de Mau\u00e1 (Pra\u00e7a da \u00c1guia), com uma programa\u00e7\u00e3o especial voltada \u00e0 educa\u00e7\u00e3o para o tr\u00e2nsito. A a\u00e7\u00e3o conta com a parceria da Prefeitura de Petr\u00f3polis.<\/p>\n\n\n\n<p>O projeto oferece sess\u00f5es com exibi\u00e7\u00e3o de v\u00eddeos e filmes, al\u00e9m de palestras ministradas por equipes da PRF, com foco no comportamento seguro nas vias p\u00fablicas. Entre os temas abordados est\u00e3o o uso do cinto de seguran\u00e7a, os riscos da condu\u00e7\u00e3o sob efeito de \u00e1lcool ou outras subst\u00e2ncias e a import\u00e2ncia do respeito \u00e0s normas de tr\u00e2nsito, contemplando pedestres, condutores e passageiros.<\/p>\n\n\n\n<p>Um dos destaques da programa\u00e7\u00e3o \u00e9 a participa\u00e7\u00e3o dos alunos da Est\u00e1cio Petr\u00f3polis, que ter\u00e3o acesso \u00e0 palestras exclusivas sobre a carreira na PRF. A iniciativa busca aproximar os estudantes da realidade da institui\u00e7\u00e3o, apresentando oportunidades profissionais e refor\u00e7ando a import\u00e2ncia da forma\u00e7\u00e3o cidad\u00e3 e da seguran\u00e7a no tr\u00e2nsito.<\/p>\n\n\n\n<p>Para Renata Costa, coordenadora do curso de Direito da institui\u00e7\u00e3o, a participa\u00e7\u00e3o dos alunos em a\u00e7\u00f5es como essa \u00e9 fundamental.<br>\u201c\u00c9 uma oportunidade \u00fanica de aliar teoria e pr\u00e1tica, permitindo que os estudantes compreendam, de forma mais concreta, a import\u00e2ncia da educa\u00e7\u00e3o no tr\u00e2nsito e do papel de cada cidad\u00e3o na constru\u00e7\u00e3o de um ambiente mais seguro\u201d, destacou.<\/p>\n\n\n\n<p>A programa\u00e7\u00e3o inclui ainda a exposi\u00e7\u00e3o de viaturas da PRF e atividades educativas desenvolvidas em parceria com o SEST SENAT, com orienta\u00e7\u00f5es pr\u00e1ticas voltadas a diferentes p\u00fablicos.<\/p>\n","protected":false},"excerpt":{"rendered":"<p>A programa\u00e7\u00e3o tem in\u00edcio hoje (19) e segue at\u00e9 segunda (23) com palestras exclusivas para<\/p>\n","protected":false},"author":1,"featured_media":50610,"comment_status":"closed","ping_status":"open","sticky":false,"template":"","format":"standard","meta":{"spay_email":"","footnotes":"","jetpack_publicize_message":""},"categories":[2],"tags":[],"jetpack_featured_media_url":"https:\/\/i2.wp.com\/jornaldeitaipava.com.br\/wp-content\/uploads\/2026\/03\/WhatsApp-Image-2026-03-19-at-09.12.33.jpeg?fit=900%2C675&ssl=1","jetpack_publicize_connections":[],"jetpack_sharing_enabled":true,"jetpack_likes_enabled":true,"jetpack-related-posts":[],"_links":{"self":[{"href":"https:\/\/jornaldeitaipava.com.br\/index.php\/wp-json\/wp\/v2\/posts\/50609"}],"collection":[{"href":"https:\/\/jornaldeitaipava.com.br\/index.php\/wp-json\/wp\/v2\/posts"}],"about":[{"href":"https:\/\/jornaldeitaipava.com.br\/index.php\/wp-json\/wp\/v2\/types\/post"}],"author":[{"embeddable":true,"href":"https:\/\/jornaldeitaipava.com.br\/index.php\/wp-json\/wp\/v2\/users\/1"}],"replies":[{"embeddable":true,"href":"https:\/\/jornaldeitaipava.com.br\/index.php\/wp-json\/wp\/v2\/comments?post=50609"}],"version-history":[{"count":1,"href":"https:\/\/jornaldeitaipava.com.br\/index.php\/wp-json\/wp\/v2\/posts\/50609\/revisions"}],"predecessor-version":[{"id":50611,"href":"https:\/\/jornaldeitaipava.com.br\/index.php\/wp-json\/wp\/v2\/posts\/50609\/revisions\/50611"}],"wp:featuredmedia":[{"embeddable":true,"href":"https:\/\/jornaldeitaipava.com.br\/index.php\/wp-json\/wp\/v2\/media\/50610"}],"wp:attachment":[{"href":"https:\/\/jornaldeitaipava.com.br\/index.php\/wp-json\/wp\/v2\/media?parent=50609"}],"wp:term":[{"taxonomy":"category","embeddable":true,"href":"https:\/\/jornaldeitaipava.com.br\/index.php\/wp-json\/wp\/v2\/categories?post=50609"},{"taxonomy":"post_tag","embeddable":true,"href":"https:\/\/jornaldeitaipava.com.br\/index.php\/wp-json\/wp\/v2\/tags?post=50609"}],"curies":[{"name":"wp","href":"https:\/\/api.w.org\/{rel}","templated":true}]}}