{"id":50645,"date":"2026-03-20T17:39:30","date_gmt":"2026-03-20T20:39:30","guid":{"rendered":"http:\/\/jornaldeitaipava.com.br\/?p=50645"},"modified":"2026-03-20T17:39:33","modified_gmt":"2026-03-20T20:39:33","slug":"outono-comeca-com-chuva-mas-nova-estacao-deve-ser-menos-chuvosa-e-com-temperaturas-mais-amenas","status":"publish","type":"post","link":"https:\/\/jornaldeitaipava.com.br\/index.php\/2026\/03\/20\/outono-comeca-com-chuva-mas-nova-estacao-deve-ser-menos-chuvosa-e-com-temperaturas-mais-amenas\/","title":{"rendered":"Outono come\u00e7a com chuva, mas nova esta\u00e7\u00e3o deve ser menos chuvosa e com temperaturas mais amenas"},"content":{"rendered":"\n<p class=\"has-text-align-center\"><strong>Ver\u00e3o em Petr\u00f3polis foi mais chuvoso do que o esperado<\/strong><\/p>\n\n\n\n<p>O outono come\u00e7a oficialmente \u00e0s 11h45 desta sexta-feira, dia 20 de mar\u00e7o. A nova esta\u00e7\u00e3o come\u00e7a com chuva em Petr\u00f3polis, mas a previs\u00e3o \u00e9 que o outono seja mais seco e com temperaturas mais amenas.<\/p>\n\n\n\n<p>\u201cAo longo das pr\u00f3ximas semanas, a tend\u00eancia \u00e9 de diminui\u00e7\u00e3o das chuvas t\u00edpicas do ver\u00e3o e o aumento da atua\u00e7\u00e3o de massas de ar frio vindas do sul do continente, contribuindo diretamente para a queda gradual das temperaturas\u201d, explicou a meteorologista da Secretaria de Prote\u00e7\u00e3o e Defesa Civil, Rafaela Filipe.<\/p>\n\n\n\n<p>A meteorologista explica que o outono \u00e9 um per\u00edodo de transi\u00e7\u00e3o entre o fim das chuvas mais intensas e o in\u00edcio de dias mais secos, criando um cen\u00e1rio de temperaturas mais amenas e agrad\u00e1veis. \u201cPara esta esta\u00e7\u00e3o, o volume de precipita\u00e7\u00e3o esperado gira em torno de 200 mm, refor\u00e7ando a caracter\u00edstica de um per\u00edodo menos chuvoso em compara\u00e7\u00e3o aos meses anteriores\u201d, completou Rafaela Filipe.<\/p>\n\n\n\n<p>Ver\u00e3o foi mais chuvoso do que o esperado<\/p>\n\n\n\n<p>A proje\u00e7\u00e3o para o ver\u00e3o era de uma esta\u00e7\u00e3o menos chuvosa, com acumulados pluviom\u00e9tricos abaixo da m\u00e9dia hist\u00f3ria para o per\u00edodo. No entanto, choveu bem mais. Entre 20 de dezembro a 19 de mar\u00e7o, os acumulados ficaram em 678,61mm mm. S\u00f3 no m\u00eas de fevereiro, foram registrados 261,85mm.<\/p>\n\n\n\n<p>No mesmo per\u00edodo do ver\u00e3o do ano passado, os acumulados de chuva ficaram em torno de 184,83mm.<\/p>\n","protected":false},"excerpt":{"rendered":"<p>Ver\u00e3o em Petr\u00f3polis foi mais chuvoso do que o esperado O outono come\u00e7a oficialmente \u00e0s<\/p>\n","protected":false},"author":1,"featured_media":11686,"comment_status":"closed","ping_status":"open","sticky":false,"template":"","format":"standard","meta":{"spay_email":"","footnotes":"","jetpack_publicize_message":""},"categories":[24],"tags":[],"jetpack_featured_media_url":"https:\/\/i2.wp.com\/jornaldeitaipava.com.br\/wp-content\/uploads\/2021\/03\/cidade-1.jpg?fit=496%2C334&ssl=1","jetpack_publicize_connections":[],"jetpack_sharing_enabled":true,"jetpack_likes_enabled":true,"jetpack-related-posts":[],"_links":{"self":[{"href":"https:\/\/jornaldeitaipava.com.br\/index.php\/wp-json\/wp\/v2\/posts\/50645"}],"collection":[{"href":"https:\/\/jornaldeitaipava.com.br\/index.php\/wp-json\/wp\/v2\/posts"}],"about":[{"href":"https:\/\/jornaldeitaipava.com.br\/index.php\/wp-json\/wp\/v2\/types\/post"}],"author":[{"embeddable":true,"href":"https:\/\/jornaldeitaipava.com.br\/index.php\/wp-json\/wp\/v2\/users\/1"}],"replies":[{"embeddable":true,"href":"https:\/\/jornaldeitaipava.com.br\/index.php\/wp-json\/wp\/v2\/comments?post=50645"}],"version-history":[{"count":1,"href":"https:\/\/jornaldeitaipava.com.br\/index.php\/wp-json\/wp\/v2\/posts\/50645\/revisions"}],"predecessor-version":[{"id":50646,"href":"https:\/\/jornaldeitaipava.com.br\/index.php\/wp-json\/wp\/v2\/posts\/50645\/revisions\/50646"}],"wp:featuredmedia":[{"embeddable":true,"href":"https:\/\/jornaldeitaipava.com.br\/index.php\/wp-json\/wp\/v2\/media\/11686"}],"wp:attachment":[{"href":"https:\/\/jornaldeitaipava.com.br\/index.php\/wp-json\/wp\/v2\/media?parent=50645"}],"wp:term":[{"taxonomy":"category","embeddable":true,"href":"https:\/\/jornaldeitaipava.com.br\/index.php\/wp-json\/wp\/v2\/categories?post=50645"},{"taxonomy":"post_tag","embeddable":true,"href":"https:\/\/jornaldeitaipava.com.br\/index.php\/wp-json\/wp\/v2\/tags?post=50645"}],"curies":[{"name":"wp","href":"https:\/\/api.w.org\/{rel}","templated":true}]}}