{"id":50647,"date":"2026-03-20T17:44:36","date_gmt":"2026-03-20T20:44:36","guid":{"rendered":"http:\/\/jornaldeitaipava.com.br\/?p=50647"},"modified":"2026-03-20T17:44:38","modified_gmt":"2026-03-20T20:44:38","slug":"proposta-quer-ampliar-transporte-turistico-na-cidade","status":"publish","type":"post","link":"https:\/\/jornaldeitaipava.com.br\/index.php\/2026\/03\/20\/proposta-quer-ampliar-transporte-turistico-na-cidade\/","title":{"rendered":"Proposta quer ampliar transporte tur\u00edstico na cidade"},"content":{"rendered":"\n<p>O aumento no n\u00famero de turistas em Petr\u00f3polis motivou a apresenta\u00e7\u00e3o de uma indica\u00e7\u00e3o legislativa para refor\u00e7ar o transporte voltado aos visitantes. Aprovada pela C\u00e2mara Municipal, a proposta de autoria do vereador Carlos Alberto sugere a amplia\u00e7\u00e3o da quantidade de trenzinhos tur\u00edsticos em opera\u00e7\u00e3o no munic\u00edpio.<\/p>\n\n\n\n<p>Essa medida busca atender \u00e0 crescente demanda registrada principalmente em per\u00edodos de grande movimento, como fins de semana, feriados e eventos tradicionais da cidade. Entre eles est\u00e3o a Bauernfest, o Festival de Inverno, a Flipetr\u00f3polis e o Natal Imperial, que atraem visitantes de diversas regi\u00f5es e aumentam a circula\u00e7\u00e3o nos principais pontos tur\u00edsticos.<\/p>\n\n\n\n<p>A indica\u00e7\u00e3o considera que o servi\u00e7o de trenzinhos j\u00e1 faz parte da estrutura tur\u00edstica local e pode ser ampliado para melhorar a mobilidade dos visitantes. Com mais ve\u00edculos em opera\u00e7\u00e3o, a expectativa \u00e9 reduzir o tempo de espera, evitar aglomera\u00e7\u00f5es e garantir mais conforto durante os passeios.<\/p>\n\n\n\n<p>Outro ponto destacado \u00e9 o impacto positivo no turismo e na economia. O fortalecimento desse tipo de servi\u00e7o contribui para a valoriza\u00e7\u00e3o dos atrativos hist\u00f3ricos e culturais da cidade, al\u00e9m de impulsionar setores como com\u00e9rcio, hospedagem e alimenta\u00e7\u00e3o.<\/p>\n\n\n\n<p>Para o vereador Carlos Alberto, a amplia\u00e7\u00e3o do servi\u00e7o \u00e9 uma forma de acompanhar o crescimento do turismo no munic\u00edpio. \u201cPetr\u00f3polis vem recebendo cada vez mais visitantes, e \u00e9 importante que a cidade esteja preparada para oferecer estrutura adequada, garantindo uma boa experi\u00eancia para quem chega e fortalecendo a economia local\u201d, afirmou.<\/p>\n\n\n\n<p>Por se tratar de uma Indica\u00e7\u00e3o Legislativa, a proposta ser\u00e1 encaminhada ao Poder Executivo, que dever\u00e1 avaliar o tema.<\/p>\n","protected":false},"excerpt":{"rendered":"<p>O aumento no n\u00famero de turistas em Petr\u00f3polis motivou a apresenta\u00e7\u00e3o de uma indica\u00e7\u00e3o legislativa<\/p>\n","protected":false},"author":1,"featured_media":50648,"comment_status":"closed","ping_status":"open","sticky":false,"template":"","format":"standard","meta":{"spay_email":"","footnotes":"","jetpack_publicize_message":""},"categories":[2],"tags":[],"jetpack_featured_media_url":"https:\/\/i1.wp.com\/jornaldeitaipava.com.br\/wp-content\/uploads\/2026\/03\/WhatsApp-Image-2026-03-20-at-17.26.35.jpeg?fit=1600%2C1066&ssl=1","jetpack_publicize_connections":[],"jetpack_sharing_enabled":true,"jetpack_likes_enabled":true,"jetpack-related-posts":[],"_links":{"self":[{"href":"https:\/\/jornaldeitaipava.com.br\/index.php\/wp-json\/wp\/v2\/posts\/50647"}],"collection":[{"href":"https:\/\/jornaldeitaipava.com.br\/index.php\/wp-json\/wp\/v2\/posts"}],"about":[{"href":"https:\/\/jornaldeitaipava.com.br\/index.php\/wp-json\/wp\/v2\/types\/post"}],"author":[{"embeddable":true,"href":"https:\/\/jornaldeitaipava.com.br\/index.php\/wp-json\/wp\/v2\/users\/1"}],"replies":[{"embeddable":true,"href":"https:\/\/jornaldeitaipava.com.br\/index.php\/wp-json\/wp\/v2\/comments?post=50647"}],"version-history":[{"count":1,"href":"https:\/\/jornaldeitaipava.com.br\/index.php\/wp-json\/wp\/v2\/posts\/50647\/revisions"}],"predecessor-version":[{"id":50649,"href":"https:\/\/jornaldeitaipava.com.br\/index.php\/wp-json\/wp\/v2\/posts\/50647\/revisions\/50649"}],"wp:featuredmedia":[{"embeddable":true,"href":"https:\/\/jornaldeitaipava.com.br\/index.php\/wp-json\/wp\/v2\/media\/50648"}],"wp:attachment":[{"href":"https:\/\/jornaldeitaipava.com.br\/index.php\/wp-json\/wp\/v2\/media?parent=50647"}],"wp:term":[{"taxonomy":"category","embeddable":true,"href":"https:\/\/jornaldeitaipava.com.br\/index.php\/wp-json\/wp\/v2\/categories?post=50647"},{"taxonomy":"post_tag","embeddable":true,"href":"https:\/\/jornaldeitaipava.com.br\/index.php\/wp-json\/wp\/v2\/tags?post=50647"}],"curies":[{"name":"wp","href":"https:\/\/api.w.org\/{rel}","templated":true}]}}