{"id":50650,"date":"2026-03-20T17:48:11","date_gmt":"2026-03-20T20:48:11","guid":{"rendered":"http:\/\/jornaldeitaipava.com.br\/?p=50650"},"modified":"2026-03-20T17:48:13","modified_gmt":"2026-03-20T20:48:13","slug":"adaptacao-escolar-relacao-familia-escola-e-essencial-para-uma-transicao-leve-e-positiva","status":"publish","type":"post","link":"https:\/\/jornaldeitaipava.com.br\/index.php\/2026\/03\/20\/adaptacao-escolar-relacao-familia-escola-e-essencial-para-uma-transicao-leve-e-positiva\/","title":{"rendered":"Adapta\u00e7\u00e3o escolar: rela\u00e7\u00e3o fam\u00edlia escola \u00e9 essencial para uma transi\u00e7\u00e3o leve e positiva"},"content":{"rendered":"\n<p>O ano letivo come\u00e7ou e muitas crian\u00e7as e pais est\u00e3o na fase da adapta\u00e7\u00e3o escolar. Uma etapa considerada fundamental no desenvolvimento infantil, que marca o in\u00edcio de novas rotinas e rela\u00e7\u00f5es, especialmente para os pequenos que chegam pela primeira vez ao ambiente escolar. Este processo pode gerar ansiedade e resist\u00eancia, por estes e outros motivos, escolas e fam\u00edlias desempenham pap\u00e9is importantes para tornar a transi\u00e7\u00e3o mais leve e positiva.<\/p>\n\n\n\n<p>Segundo especialistas na \u00e1rea da Educa\u00e7\u00e3o, o processo precisa ser gradual e respeitar o tempo de cada crian\u00e7a. Acolher esse ritmo \u00e9 essencial para que o processo seja saud\u00e1vel e duradouro.<\/p>\n\n\n\n<p>\u201cEu entendo que a adapta\u00e7\u00e3o escolar n\u00e3o \u00e9 um processo mec\u00e2nico, mas o resultado de uma rela\u00e7\u00e3o de confian\u00e7a entre a escola e a fam\u00edlia. Quando a fam\u00edlia entende e confia nos valores humanos que a institui\u00e7\u00e3o segue \u00e9 transmitido naturalmente para a crian\u00e7a uma seguran\u00e7a, que \u00e9 justamente a base que torna o processo mais fluido\u201d, acredita Carolina Mendes, educadora e diretora da escola Roda Criativa, enfatizando ainda que \u00e9 bacana estabelecer rotinas consistentes que ajudem a reduzir o impacto da mudan\u00e7a. \u201cPequenos gestos, como despedidas tranquilas e previs\u00edveis, podem evitar sentimentos de abandono e fortalecer a confian\u00e7a\u201d.<\/p>\n\n\n\n<p>Na escola, os educadores desempenham um papel fundamental nesse momento ao oferecer afeto e seguran\u00e7a emocional. Um ambiente acolhedor, aliado a pr\u00e1ticas pedag\u00f3gicas sens\u00edveis \u00e0s necessidades individuais, favorece a confian\u00e7a da crian\u00e7a e estimula sua participa\u00e7\u00e3o nas atividades escolares.<\/p>\n\n\n\n<p>Al\u00e9m disso, o acompanhamento individualizado permite identificar necessidades espec\u00edficas, garantindo que cada estudante receba o suporte adequado. Esse olhar atento favorece n\u00e3o apenas a adapta\u00e7\u00e3o, mas tamb\u00e9m o desenvolvimento emocional e social a longo prazo.<\/p>\n\n\n\n<p>\u201cSe sentir bem dentro da escola vai al\u00e9m da crian\u00e7a estar adaptada e entrar todo dia feliz. As vezes ela pode entrar um pouco mais chateada naquele dia e tudo bem, faz parte. A ideia \u00e9 que ela siga seu caminho e fique bem porque percebe que est\u00e1 dentro de um espa\u00e7o seguro para poder ser quem ela \u00e9. Isso \u00e9 muito importante\u201d, pontua Carolina.<\/p>\n\n\n\n<p>Um processo de adapta\u00e7\u00e3o escolar bem estruturado \u00e9, portanto, apostar, principalmente no bem-estar. Quando escola e fam\u00edlia caminham juntas, a experi\u00eancia se transforma em uma oportunidade rica de crescimento, descobertas e constru\u00e7\u00e3o de v\u00ednculos duradouros.<\/p>\n\n\n\n<p>\u201cInvestir no processo de escuta e numa comunica\u00e7\u00e3o transparente \u00e9 extremamente valioso na fase da adapta\u00e7\u00e3o, tanto no caso daquele pequenininho que chega pela primeira vez \u00e0 escola, mas tamb\u00e9m daquele aluno mais velho que est\u00e1 passando por mudan\u00e7as, seja de institui\u00e7\u00e3o de ensino ou pela volta \u00e0 rotina depois das f\u00e9rias. Para mim, uma coisa muito importante \u00e9 saber acolher. Ouvir a fam\u00edlia e ouvir a crian\u00e7a para saber o que que se passa e poder ter uma rela\u00e7\u00e3o pautada no respeito e na verdade, o que reduz, e muito, ansiedade dos pais, que \u00e9 bem comum nesse per\u00edodo. \u00c9 um caminhar junto de m\u00e3os dadas: fam\u00edlia, crian\u00e7a e escola\u201d, conclui a educadora.<\/p>\n","protected":false},"excerpt":{"rendered":"<p>O ano letivo come\u00e7ou e muitas crian\u00e7as e pais est\u00e3o na fase da adapta\u00e7\u00e3o escolar.<\/p>\n","protected":false},"author":1,"featured_media":50651,"comment_status":"closed","ping_status":"open","sticky":false,"template":"","format":"standard","meta":{"spay_email":"","footnotes":"","jetpack_publicize_message":""},"categories":[9],"tags":[],"jetpack_featured_media_url":"https:\/\/i2.wp.com\/jornaldeitaipava.com.br\/wp-content\/uploads\/2026\/03\/WhatsApp-Image-2026-03-20-at-10.33.46.jpeg?fit=960%2C1280&ssl=1","jetpack_publicize_connections":[],"jetpack_sharing_enabled":true,"jetpack_likes_enabled":true,"jetpack-related-posts":[],"_links":{"self":[{"href":"https:\/\/jornaldeitaipava.com.br\/index.php\/wp-json\/wp\/v2\/posts\/50650"}],"collection":[{"href":"https:\/\/jornaldeitaipava.com.br\/index.php\/wp-json\/wp\/v2\/posts"}],"about":[{"href":"https:\/\/jornaldeitaipava.com.br\/index.php\/wp-json\/wp\/v2\/types\/post"}],"author":[{"embeddable":true,"href":"https:\/\/jornaldeitaipava.com.br\/index.php\/wp-json\/wp\/v2\/users\/1"}],"replies":[{"embeddable":true,"href":"https:\/\/jornaldeitaipava.com.br\/index.php\/wp-json\/wp\/v2\/comments?post=50650"}],"version-history":[{"count":1,"href":"https:\/\/jornaldeitaipava.com.br\/index.php\/wp-json\/wp\/v2\/posts\/50650\/revisions"}],"predecessor-version":[{"id":50652,"href":"https:\/\/jornaldeitaipava.com.br\/index.php\/wp-json\/wp\/v2\/posts\/50650\/revisions\/50652"}],"wp:featuredmedia":[{"embeddable":true,"href":"https:\/\/jornaldeitaipava.com.br\/index.php\/wp-json\/wp\/v2\/media\/50651"}],"wp:attachment":[{"href":"https:\/\/jornaldeitaipava.com.br\/index.php\/wp-json\/wp\/v2\/media?parent=50650"}],"wp:term":[{"taxonomy":"category","embeddable":true,"href":"https:\/\/jornaldeitaipava.com.br\/index.php\/wp-json\/wp\/v2\/categories?post=50650"},{"taxonomy":"post_tag","embeddable":true,"href":"https:\/\/jornaldeitaipava.com.br\/index.php\/wp-json\/wp\/v2\/tags?post=50650"}],"curies":[{"name":"wp","href":"https:\/\/api.w.org\/{rel}","templated":true}]}}