{"id":50653,"date":"2026-03-20T17:50:18","date_gmt":"2026-03-20T20:50:18","guid":{"rendered":"http:\/\/jornaldeitaipava.com.br\/?p=50653"},"modified":"2026-03-20T17:50:20","modified_gmt":"2026-03-20T20:50:20","slug":"campeonato-estadual-de-taekwondo-2026-reune-elite-da-modalidade-e-conta-com-participacao-de-angela-azevedo","status":"publish","type":"post","link":"https:\/\/jornaldeitaipava.com.br\/index.php\/2026\/03\/20\/campeonato-estadual-de-taekwondo-2026-reune-elite-da-modalidade-e-conta-com-participacao-de-angela-azevedo\/","title":{"rendered":"Campeonato Estadual de Taekwondo 2026 re\u00fane elite da modalidade e conta com participa\u00e7\u00e3o de Angela Azevedo"},"content":{"rendered":"\n<p class=\"has-text-align-center\"><strong>Atleta petropolitana, estudante do Col\u00e9gio Koeler, disputa competi\u00e7\u00e3o no CEFAN, no Rio, em busca de pontos no ranking e manuten\u00e7\u00e3o entre os principais nomes do estado<\/strong><\/p>\n\n\n\n<p>A atleta Angela Azevedo, integrante do Team Lacerda e estudante do Col\u00e9gio Koeler, participa do Campeonato Estadual de Taekwondo 2026, que ser\u00e1 realizado nos dias 22, 28 e 29 de mar\u00e7o, no Centro de Educa\u00e7\u00e3o F\u00edsica Almirante Adalberto Nunes (CEFAN), na Penha, no Rio de Janeiro. A competi\u00e7\u00e3o, organizada pela Federa\u00e7\u00e3o de Taekwondo do Estado do Rio de Janeiro, re\u00fane atletas de diversas categorias e gradua\u00e7\u00f5es e tem como objetivo principal fomentar a modalidade, al\u00e9m de servir como seletiva direta para o Campeonato Brasileiro.<\/p>\n\n\n\n<p>O evento \u00e9 considerado um dos mais importantes do calend\u00e1rio estadual, distribuindo pontos fundamentais para o ranking da temporada 2026, especialmente nas categorias de faixas pretas, que impactam diretamente na defini\u00e7\u00e3o dos melhores atletas do ano e nas indica\u00e7\u00f5es para competi\u00e7\u00f5es nacionais. Al\u00e9m disso, os resultados tamb\u00e9m podem influenciar futuras convoca\u00e7\u00f5es para competi\u00e7\u00f5es escolares e sele\u00e7\u00f5es, ampliando ainda mais a relev\u00e2ncia da disputa.<\/p>\n\n\n\n<p>Angela chega para a competi\u00e7\u00e3o em um dos melhores momentos da carreira. A atleta vive o auge da forma f\u00edsica e t\u00e9cnica, embalada por uma recente conquista em campeonato disputado nesta temporada. Com treinos intensificados e foco no desempenho, ela encara o estadual como etapa decisiva para se manter entre os principais nomes do taekwondo fluminense.<\/p>\n\n\n\n<p>A programa\u00e7\u00e3o do campeonato inclui disputas de poomsae no dia 22 de mar\u00e7o e combates de kyorugui nos dias 28 e 29, com in\u00edcio das atividades a partir das 9 horas. O evento tamb\u00e9m conta com congresso t\u00e9cnico, pesagens oficiais e cerim\u00f4nias, reunindo atletas, t\u00e9cnicos e equipes em uma estrutura que segue as normas da World Taekwondo e da Confedera\u00e7\u00e3o Brasileira da modalidade.<\/p>\n\n\n\n<p>Diretor do Col\u00e9gio Koeler, Raphael Louro destaca o orgulho pela trajet\u00f3ria da atleta e refor\u00e7a o compromisso da institui\u00e7\u00e3o com a forma\u00e7\u00e3o completa dos estudantes. \u201cAngela \u00e9 um orgulho para o col\u00e9gio. Acreditamos na educa\u00e7\u00e3o que vai al\u00e9m da sala de aula, oferecendo suporte para que nossos alunos tamb\u00e9m se destaquem no esporte e em outras \u00e1reas\u201d, afirma.<\/p>\n\n\n\n<p>Confiante, Angela demonstra entusiasmo para a competi\u00e7\u00e3o. \u201cEstou muito focada e esperan\u00e7osa. Venho treinando intensamente e quero fazer uma grande apresenta\u00e7\u00e3o\u201d, diz a atleta, que v\u00ea no campeonato uma oportunidade de consolidar seu desempenho e seguir em ascens\u00e3o.<\/p>\n\n\n\n<p>Mesmo em evid\u00eancia, a atleta ainda enfrenta desafios fora do tatame. Angela busca patroc\u00ednio para participar de competi\u00e7\u00f5es internacionais, j\u00e1 que os custos com viagens e inscri\u00e7\u00f5es s\u00e3o elevados. O apoio financeiro, segundo ela, \u00e9 essencial para dar continuidade \u00e0 trajet\u00f3ria em alto rendimento.<\/p>\n\n\n\n<p>Com desempenho recente expressivo, prepara\u00e7\u00e3o intensa e objetivos bem definidos, Angela Azevedo entra no Campeonato Estadual de Taekwondo 2026 como um dos destaques da competi\u00e7\u00e3o, em busca de mais um resultado que reforce sua perman\u00eancia entre os principais nomes da modalidade.<\/p>\n","protected":false},"excerpt":{"rendered":"<p>Atleta petropolitana, estudante do Col\u00e9gio Koeler, disputa competi\u00e7\u00e3o no CEFAN, no Rio, em busca de<\/p>\n","protected":false},"author":1,"featured_media":50654,"comment_status":"closed","ping_status":"open","sticky":false,"template":"","format":"standard","meta":{"spay_email":"","footnotes":"","jetpack_publicize_message":""},"categories":[9],"tags":[],"jetpack_featured_media_url":"https:\/\/i2.wp.com\/jornaldeitaipava.com.br\/wp-content\/uploads\/2026\/03\/WhatsApp-Image-2026-03-20-at-12.18.42-e1774039807765.jpeg?fit=960%2C761&ssl=1","jetpack_publicize_connections":[],"jetpack_sharing_enabled":true,"jetpack_likes_enabled":true,"jetpack-related-posts":[],"_links":{"self":[{"href":"https:\/\/jornaldeitaipava.com.br\/index.php\/wp-json\/wp\/v2\/posts\/50653"}],"collection":[{"href":"https:\/\/jornaldeitaipava.com.br\/index.php\/wp-json\/wp\/v2\/posts"}],"about":[{"href":"https:\/\/jornaldeitaipava.com.br\/index.php\/wp-json\/wp\/v2\/types\/post"}],"author":[{"embeddable":true,"href":"https:\/\/jornaldeitaipava.com.br\/index.php\/wp-json\/wp\/v2\/users\/1"}],"replies":[{"embeddable":true,"href":"https:\/\/jornaldeitaipava.com.br\/index.php\/wp-json\/wp\/v2\/comments?post=50653"}],"version-history":[{"count":1,"href":"https:\/\/jornaldeitaipava.com.br\/index.php\/wp-json\/wp\/v2\/posts\/50653\/revisions"}],"predecessor-version":[{"id":50655,"href":"https:\/\/jornaldeitaipava.com.br\/index.php\/wp-json\/wp\/v2\/posts\/50653\/revisions\/50655"}],"wp:featuredmedia":[{"embeddable":true,"href":"https:\/\/jornaldeitaipava.com.br\/index.php\/wp-json\/wp\/v2\/media\/50654"}],"wp:attachment":[{"href":"https:\/\/jornaldeitaipava.com.br\/index.php\/wp-json\/wp\/v2\/media?parent=50653"}],"wp:term":[{"taxonomy":"category","embeddable":true,"href":"https:\/\/jornaldeitaipava.com.br\/index.php\/wp-json\/wp\/v2\/categories?post=50653"},{"taxonomy":"post_tag","embeddable":true,"href":"https:\/\/jornaldeitaipava.com.br\/index.php\/wp-json\/wp\/v2\/tags?post=50653"}],"curies":[{"name":"wp","href":"https:\/\/api.w.org\/{rel}","templated":true}]}}