{"id":50656,"date":"2026-03-21T08:50:00","date_gmt":"2026-03-21T11:50:00","guid":{"rendered":"http:\/\/jornaldeitaipava.com.br\/?p=50656"},"modified":"2026-03-20T17:51:55","modified_gmt":"2026-03-20T20:51:55","slug":"obra-da-nova-ponte-do-arranha-ceu-em-itaipava-acende-alerta-para-mobilidade-e-acesso-a-br-040","status":"publish","type":"post","link":"https:\/\/jornaldeitaipava.com.br\/index.php\/2026\/03\/21\/obra-da-nova-ponte-do-arranha-ceu-em-itaipava-acende-alerta-para-mobilidade-e-acesso-a-br-040\/","title":{"rendered":"Obra da nova ponte do Arranha-C\u00e9u, em Itaipava, acende alerta para mobilidade e acesso \u00e0 BR-040"},"content":{"rendered":"\n<p><em>Unita cobra esclarecimentos da concession\u00e1ria e da Prefeitura sobre impactos durante interven\u00e7\u00f5es<\/em><\/p>\n\n\n\n<p>O in\u00edcio das obras da nova ponte do Arranha-C\u00e9u, em Itaipava, previsto para este m\u00eas, acendeu um sinal de alerta entre moradores, empres\u00e1rios e representantes do setor produtivo da regi\u00e3o. A interven\u00e7\u00e3o, conduzida pela concession\u00e1ria Elovias, envolve uma das principais conex\u00f5es entre a BR-040 e a Estrada Uni\u00e3o e Ind\u00fastria \u2014 eixo central da mobilidade urbana do distrito.<\/p>\n\n\n\n<p>A Unidos por Itaipava (Unita) cobra informa\u00e7\u00f5es detalhadas sobre como ser\u00e1 a opera\u00e7\u00e3o durante o per\u00edodo de obras, especialmente em rela\u00e7\u00e3o ao funcionamento da atual ponte. Ainda n\u00e3o h\u00e1 clareza, segundo a entidade, se a estrutura ser\u00e1 totalmente interditada, parcialmente utilizada ou demolida j\u00e1 nesta etapa, o que pode comprometer diretamente a circula\u00e7\u00e3o entre a rodovia e o centro de Itaipava.<\/p>\n\n\n\n<p>\u201cA ponte do Arranha-C\u00e9u \u00e9 um ponto estrat\u00e9gico para a mobilidade local. Qualquer interven\u00e7\u00e3o ali tem impacto direto n\u00e3o s\u00f3 na rotina dos moradores, mas tamb\u00e9m na din\u00e2mica do turismo e do com\u00e9rcio. O que defendemos \u00e9 previsibilidade e planejamento\u201d, afirma o presidente da Unita, Alexandre Plantz.<\/p>\n\n\n\n<p>A entidade tamb\u00e9m questiona quais ser\u00e3o as rotas alternativas para motoristas que utilizam o acesso diariamente. Entre as op\u00e7\u00f5es, est\u00e3o a ponte do Castelo \u2014 que hoje apresenta limita\u00e7\u00f5es estruturais e restri\u00e7\u00e3o a ve\u00edculos leves \u2014 e o trevo de Bonsucesso, principal entrada de Itaipava, que j\u00e1 opera sob press\u00e3o em hor\u00e1rios de pico, al\u00e9m da Estrada do Catobira.<\/p>\n\n\n\n<p>\u201c\u00c9 fundamental entender se essas vias ter\u00e3o condi\u00e7\u00f5es de absorver um eventual aumento de fluxo e quais medidas ser\u00e3o adotadas para evitar gargalos ainda maiores. Estamos falando de um impacto que pode afetar toda a circula\u00e7\u00e3o do distrito\u201d, destaca o secret\u00e1rio da Unita, Fabr\u00edcio Santos.<\/p>\n\n\n\n<p>Outro ponto levantado pela entidade diz respeito \u00e0 sinaliza\u00e7\u00e3o e \u00e0 orienta\u00e7\u00e3o dos motoristas durante as obras. A preocupa\u00e7\u00e3o \u00e9 que, sem comunica\u00e7\u00e3o clara e antecipada, condutores sejam direcionados a acessos interditados, gerando transtornos e necessidade de retornos longos, como em Pedro do Rio.<\/p>\n\n\n\n<p>A Unita tamb\u00e9m defende a presen\u00e7a de equipes de tr\u00e2nsito e refor\u00e7o na fiscaliza\u00e7\u00e3o, especialmente no trevo de Bonsucesso, al\u00e9m da divulga\u00e7\u00e3o pr\u00e9via de eventuais mudan\u00e7as no tr\u00e1fego. Para a entidade, a integra\u00e7\u00e3o entre concession\u00e1ria e poder p\u00fablico municipal ser\u00e1 determinante para minimizar os impactos da obra.<\/p>\n\n\n\n<p>\u201cN\u00e3o se trata de questionar a import\u00e2ncia da interven\u00e7\u00e3o, que \u00e9 necess\u00e1ria e foi muito cobrada por n\u00f3s, mas de garantir que ela aconte\u00e7a com o menor impacto poss\u00edvel para quem vive, trabalha e visita Itaipava. Informa\u00e7\u00e3o e coordena\u00e7\u00e3o s\u00e3o essenciais nesse processo\u201d, completa Plantz.<\/p>\n","protected":false},"excerpt":{"rendered":"<p>Unita cobra esclarecimentos da concession\u00e1ria e da Prefeitura sobre impactos durante interven\u00e7\u00f5es O in\u00edcio das<\/p>\n","protected":false},"author":1,"featured_media":50657,"comment_status":"closed","ping_status":"open","sticky":false,"template":"","format":"standard","meta":{"spay_email":"","footnotes":"","jetpack_publicize_message":""},"categories":[24],"tags":[],"jetpack_featured_media_url":"https:\/\/i1.wp.com\/jornaldeitaipava.com.br\/wp-content\/uploads\/2026\/03\/Ponte-do-Arranha-Ceu.jpg?fit=900%2C675&ssl=1","jetpack_publicize_connections":[],"jetpack_sharing_enabled":true,"jetpack_likes_enabled":true,"jetpack-related-posts":[],"_links":{"self":[{"href":"https:\/\/jornaldeitaipava.com.br\/index.php\/wp-json\/wp\/v2\/posts\/50656"}],"collection":[{"href":"https:\/\/jornaldeitaipava.com.br\/index.php\/wp-json\/wp\/v2\/posts"}],"about":[{"href":"https:\/\/jornaldeitaipava.com.br\/index.php\/wp-json\/wp\/v2\/types\/post"}],"author":[{"embeddable":true,"href":"https:\/\/jornaldeitaipava.com.br\/index.php\/wp-json\/wp\/v2\/users\/1"}],"replies":[{"embeddable":true,"href":"https:\/\/jornaldeitaipava.com.br\/index.php\/wp-json\/wp\/v2\/comments?post=50656"}],"version-history":[{"count":1,"href":"https:\/\/jornaldeitaipava.com.br\/index.php\/wp-json\/wp\/v2\/posts\/50656\/revisions"}],"predecessor-version":[{"id":50658,"href":"https:\/\/jornaldeitaipava.com.br\/index.php\/wp-json\/wp\/v2\/posts\/50656\/revisions\/50658"}],"wp:featuredmedia":[{"embeddable":true,"href":"https:\/\/jornaldeitaipava.com.br\/index.php\/wp-json\/wp\/v2\/media\/50657"}],"wp:attachment":[{"href":"https:\/\/jornaldeitaipava.com.br\/index.php\/wp-json\/wp\/v2\/media?parent=50656"}],"wp:term":[{"taxonomy":"category","embeddable":true,"href":"https:\/\/jornaldeitaipava.com.br\/index.php\/wp-json\/wp\/v2\/categories?post=50656"},{"taxonomy":"post_tag","embeddable":true,"href":"https:\/\/jornaldeitaipava.com.br\/index.php\/wp-json\/wp\/v2\/tags?post=50656"}],"curies":[{"name":"wp","href":"https:\/\/api.w.org\/{rel}","templated":true}]}}