{"id":50659,"date":"2026-03-20T17:54:50","date_gmt":"2026-03-20T20:54:50","guid":{"rendered":"http:\/\/jornaldeitaipava.com.br\/?p=50659"},"modified":"2026-03-20T17:54:52","modified_gmt":"2026-03-20T20:54:52","slug":"bernardo-rossi-deixa-a-secretaria-do-ambiente-e-sustentabilidade-para-disputar-vaga-na-camara-federal","status":"publish","type":"post","link":"https:\/\/jornaldeitaipava.com.br\/index.php\/2026\/03\/20\/bernardo-rossi-deixa-a-secretaria-do-ambiente-e-sustentabilidade-para-disputar-vaga-na-camara-federal\/","title":{"rendered":"Bernardo Rossi deixa a Secretaria do Ambiente e Sustentabilidade para disputar vaga na C\u00e2mara Federal"},"content":{"rendered":"\n<p>O secret\u00e1rio de Estado do Ambiente e Sustentabilidade Bernardo Rossi deixa o cargo nesta sexta-feira (20.03) para disputar as elei\u00e7\u00f5es de 2026. Bernardo est\u00e1 no comando da Seas desde mar\u00e7o de 2024.<br>A frente da Secretaria do Ambiente Bernardo Rossi liderou opera\u00e7\u00f5es de combate ao tr\u00e1fico de animais silvestres; fortaleceu a preven\u00e7\u00e3o e resposta \u00e0s emerg\u00eancias clim\u00e1ticas, investindo em Programas como o Limpa Rio, para desassoreamento de rios em todo estado; recuperou \u00e1reas degradas no entorno de copos h\u00eddricos, com a cria\u00e7\u00e3o do Limpa Rio Margens; investiu em projetos de adapta\u00e7\u00e3o e resili\u00eancia clim\u00e1tica nos munic\u00edpios; fortaleceu obras de saneamento para a despolui\u00e7\u00e3o da Baia de Guanabara, melhorando a balneabilidade das praias; apoiou projetos de reflorestamento, investiu em tecnologia para ampliar o combate ao desmatamento, entre outras iniciativas em favor do Meio Ambiente e da Sustentabilidade.<br>Com o apoio do governador Cl\u00e1udio Castro, Bernardo Rossi dever\u00e1 disputar uma vaga para C\u00e2mara dos Deputados onde pretende utilizar a experi\u00eancia adquirida na Secretaria de Estado do Ambiente e Sustentabilidade para fortalecer legisla\u00e7\u00f5es em favor do Meio Ambiente e da Resili\u00eancia clim\u00e1tica.<br>A exonera\u00e7\u00e3o foi publicada no Di\u00e1rio Oficial do Estado desta sexta-feira (20.03). Junto com o governador Claudio Castro, Bernardo faz seu sucessor, o vereador da capital, Diego Faro.<\/p>\n","protected":false},"excerpt":{"rendered":"<p>O secret\u00e1rio de Estado do Ambiente e Sustentabilidade Bernardo Rossi deixa o cargo nesta sexta-feira<\/p>\n","protected":false},"author":1,"featured_media":50660,"comment_status":"closed","ping_status":"open","sticky":false,"template":"","format":"standard","meta":{"spay_email":"","footnotes":"","jetpack_publicize_message":""},"categories":[2],"tags":[],"jetpack_featured_media_url":"https:\/\/i2.wp.com\/jornaldeitaipava.com.br\/wp-content\/uploads\/2026\/03\/WhatsApp-Image-2026-03-20-at-09.06.34.jpeg?fit=1500%2C1000&ssl=1","jetpack_publicize_connections":[],"jetpack_sharing_enabled":true,"jetpack_likes_enabled":true,"jetpack-related-posts":[],"_links":{"self":[{"href":"https:\/\/jornaldeitaipava.com.br\/index.php\/wp-json\/wp\/v2\/posts\/50659"}],"collection":[{"href":"https:\/\/jornaldeitaipava.com.br\/index.php\/wp-json\/wp\/v2\/posts"}],"about":[{"href":"https:\/\/jornaldeitaipava.com.br\/index.php\/wp-json\/wp\/v2\/types\/post"}],"author":[{"embeddable":true,"href":"https:\/\/jornaldeitaipava.com.br\/index.php\/wp-json\/wp\/v2\/users\/1"}],"replies":[{"embeddable":true,"href":"https:\/\/jornaldeitaipava.com.br\/index.php\/wp-json\/wp\/v2\/comments?post=50659"}],"version-history":[{"count":1,"href":"https:\/\/jornaldeitaipava.com.br\/index.php\/wp-json\/wp\/v2\/posts\/50659\/revisions"}],"predecessor-version":[{"id":50661,"href":"https:\/\/jornaldeitaipava.com.br\/index.php\/wp-json\/wp\/v2\/posts\/50659\/revisions\/50661"}],"wp:featuredmedia":[{"embeddable":true,"href":"https:\/\/jornaldeitaipava.com.br\/index.php\/wp-json\/wp\/v2\/media\/50660"}],"wp:attachment":[{"href":"https:\/\/jornaldeitaipava.com.br\/index.php\/wp-json\/wp\/v2\/media?parent=50659"}],"wp:term":[{"taxonomy":"category","embeddable":true,"href":"https:\/\/jornaldeitaipava.com.br\/index.php\/wp-json\/wp\/v2\/categories?post=50659"},{"taxonomy":"post_tag","embeddable":true,"href":"https:\/\/jornaldeitaipava.com.br\/index.php\/wp-json\/wp\/v2\/tags?post=50659"}],"curies":[{"name":"wp","href":"https:\/\/api.w.org\/{rel}","templated":true}]}}