{"id":50669,"date":"2026-03-20T18:27:15","date_gmt":"2026-03-20T21:27:15","guid":{"rendered":"http:\/\/jornaldeitaipava.com.br\/?p=50669"},"modified":"2026-03-20T18:27:16","modified_gmt":"2026-03-20T21:27:16","slug":"21-de-marco-dia-mundial-da-sindrome-de-down-entenda-os-direitos-que-garantem-inclusao-e-autonomia","status":"publish","type":"post","link":"https:\/\/jornaldeitaipava.com.br\/index.php\/2026\/03\/20\/21-de-marco-dia-mundial-da-sindrome-de-down-entenda-os-direitos-que-garantem-inclusao-e-autonomia\/","title":{"rendered":"21 de Mar\u00e7o &#8211; Dia Mundial da S\u00edndrome de Down: entenda os direitos que garantem inclus\u00e3o e autonomia"},"content":{"rendered":"\n<p class=\"has-text-align-center\"><strong>Leis brasileiras asseguram acesso \u00e0 educa\u00e7\u00e3o, sa\u00fade, trabalho e participa\u00e7\u00e3o na vida social<\/strong><\/p>\n\n\n\n<p>Celebrado em 21 de mar\u00e7o, o Dia Mundial e Nacional da S\u00edndrome de Down \u00e9 uma data dedicada \u00e0 conscientiza\u00e7\u00e3o, \u00e0 promo\u00e7\u00e3o da inclus\u00e3o e ao enfrentamento ao capacitismo. A escolha da data tem um significado simb\u00f3lico: 21\/3 representa a trissomia do cromossomo 21, caracter\u00edstica da s\u00edndrome. A data foi estabelecida em 2006 pela organiza\u00e7\u00e3o Down Syndrome International (DSI) e, em 2011, passou a ser oficialmente reconhecida pela Organiza\u00e7\u00e3o das Na\u00e7\u00f5es Unidas (ONU). No Brasil, ela tamb\u00e9m integra o calend\u00e1rio oficial e refor\u00e7a a import\u00e2ncia de promover inclus\u00e3o, garantindo acesso a oportunidades e participa\u00e7\u00e3o plena na sociedade.<br>De acordo com dados do Instituto Brasileiro de Geografia e Estat\u00edstica (IBGE), cerca de 300 mil pessoas vivem com S\u00edndrome de Down no pa\u00eds. Apesar dos avan\u00e7os na conscientiza\u00e7\u00e3o e na legisla\u00e7\u00e3o, muitas fam\u00edlias ainda desconhecem direitos fundamentais assegurados por lei.<br>Para F\u00e1bio Henrique Barbalho Gomes, professor do curso de Direito da Est\u00e1cio, a informa\u00e7\u00e3o \u00e9 uma ferramenta fundamental para garantir cidadania. \u201cA legisla\u00e7\u00e3o brasileira evoluiu muito nas \u00faltimas d\u00e9cadas e hoje reconhece a pessoa com defici\u00eancia como sujeito de direitos, com autonomia e capacidade de participar plenamente da vida social\u201d, explica.<\/p>\n\n\n\n<p><strong>Educa\u00e7\u00e3o, sa\u00fade e trabalho<br><\/strong>Entre os direitos mais importantes est\u00e1 o acesso \u00e0 educa\u00e7\u00e3o inclusiva. Pela legisla\u00e7\u00e3o brasileira, escolas p\u00fablicas e privadas n\u00e3o podem recusar a matr\u00edcula de estudantes com defici\u00eancia nem cobrar valores adicionais para garantir o atendimento educacional adequado.<br>\u201cA lei determina que os alunos com defici\u00eancia devem estar em classes regulares, com o suporte pedag\u00f3gico necess\u00e1rio para seu desenvolvimento\u201d, destaca o professor.<br>Outro direito fundamental \u00e9 o acesso \u00e0 sa\u00fade. Tanto o Sistema \u00danico de Sa\u00fade (SUS) quanto os planos privados devem assegurar acompanhamento m\u00e9dico e terapias essenciais para o desenvolvimento, como fonoaudiologia, fisioterapia e terapia ocupacional.<br>No campo da assist\u00eancia social, uma das principais garantias \u00e9 o Benef\u00edcio de Presta\u00e7\u00e3o Continuada (BPC). O benef\u00edcio assegura o pagamento de um sal\u00e1rio m\u00ednimo mensal \u00e0 pessoa com defici\u00eancia que comprove n\u00e3o possuir meios de se sustentar.<br>\u201cPara ter direito ao BPC, \u00e9 necess\u00e1rio passar por avalia\u00e7\u00e3o m\u00e9dica e social realizada pelo INSS e comprovar que a renda familiar por pessoa est\u00e1 dentro do limite estabelecido na legisla\u00e7\u00e3o\u201d, explica o professor.<br>Tamb\u00e9m existem pol\u00edticas voltadas \u00e0 inclus\u00e3o no mercado de trabalho. Empresas com mais de 100 funcion\u00e1rios devem cumprir cotas para contrata\u00e7\u00e3o de pessoas com defici\u00eancia, o que amplia as oportunidades de inser\u00e7\u00e3o profissional.<\/p>\n\n\n\n<p><strong>Avan\u00e7os na autonomia jur\u00eddica<br><\/strong>Um dos marcos mais importantes na garantia de direitos foi a Lei Brasileira de Inclus\u00e3o da Pessoa com Defici\u00eancia, que trouxe mudan\u00e7as profundas na forma como o direito brasileiro trata a capacidade civil das pessoas com defici\u00eancia.<br>\u201cAntes da lei, era comum que pessoas com defici\u00eancia intelectual fossem consideradas automaticamente incapazes. Hoje, a regra \u00e9 exatamente o contr\u00e1rio: a defici\u00eancia n\u00e3o retira a capacidade civil da pessoa\u201d, afirma F\u00e1bio.<br>Isso significa que adultos com S\u00edndrome de Down podem trabalhar, casar, celebrar contratos e tomar decis\u00f5es sobre a pr\u00f3pria vida. A interven\u00e7\u00e3o judicial s\u00f3 deve ocorrer em situa\u00e7\u00f5es espec\u00edficas, quando houver necessidade de apoio para determinados atos da vida civil.<\/p>\n\n\n\n<p>Curatela e decis\u00e3o apoiada<br>Nesses casos, a legisla\u00e7\u00e3o prev\u00ea instrumentos como a curatela e a tomada de decis\u00e3o apoiada.<br>\u201cA curatela \u00e9 aplicada quando a pessoa precisa de aux\u00edlio para administrar determinados aspectos da vida civil, principalmente quest\u00f5es patrimoniais. Hoje ela \u00e9 considerada uma medida excepcional e deve ser limitada apenas aos atos necess\u00e1rios\u201d, explica o professor.<br>J\u00e1 a tomada de decis\u00e3o apoiada \u00e9 um mecanismo mais recente e menos restritivo. Nesse modelo, a pr\u00f3pria pessoa escolhe apoiadores de confian\u00e7a para auxili\u00e1-la em decis\u00f5es importantes, sem que sua autonomia seja retirada.<\/p>\n\n\n\n<p>Desafios na pr\u00e1tica<br>Apesar de o Brasil possuir uma legisla\u00e7\u00e3o considerada avan\u00e7ada, a efetiva\u00e7\u00e3o desses direitos ainda enfrenta obst\u00e1culos no cotidiano. Muitas fam\u00edlias relatam dificuldades em processos de inclus\u00e3o escolar, negativas de cobertura de terapias por planos de sa\u00fade e barreiras burocr\u00e1ticas para acesso a benef\u00edcios sociais.<br>\u201cO preconceito e a falta de informa\u00e7\u00e3o ainda representam barreiras importantes, especialmente no mercado de trabalho\u201d, observa o professor.<br>Quando um direito \u00e9 negado por escola, plano de sa\u00fade ou \u00f3rg\u00e3o p\u00fablico, o primeiro passo recomendado \u00e9 registrar formalmente a negativa, por meio de documentos ou protocolos. Caso o problema n\u00e3o seja resolvido administrativamente, a fam\u00edlia pode buscar apoio da Defensoria P\u00fablica ou orienta\u00e7\u00e3o jur\u00eddica.<br>Conhecer a legisla\u00e7\u00e3o, manter a documenta\u00e7\u00e3o organizada e construir uma rede de apoio com profissionais das \u00e1reas de sa\u00fade, educa\u00e7\u00e3o e direito s\u00e3o medidas importantes para ampliar o acesso \u00e0s pol\u00edticas p\u00fablicas e fortalecer a inclus\u00e3o ao longo da vida.<\/p>\n","protected":false},"excerpt":{"rendered":"<p>Leis brasileiras asseguram acesso \u00e0 educa\u00e7\u00e3o, sa\u00fade, trabalho e participa\u00e7\u00e3o na vida social Celebrado em<\/p>\n","protected":false},"author":1,"featured_media":50670,"comment_status":"closed","ping_status":"open","sticky":false,"template":"","format":"standard","meta":{"spay_email":"","footnotes":"","jetpack_publicize_message":""},"categories":[24],"tags":[],"jetpack_featured_media_url":"https:\/\/i2.wp.com\/jornaldeitaipava.com.br\/wp-content\/uploads\/2026\/03\/WhatsApp-Image-2026-03-20-at-18.25.56.jpeg?fit=1600%2C1067&ssl=1","jetpack_publicize_connections":[],"jetpack_sharing_enabled":true,"jetpack_likes_enabled":true,"jetpack-related-posts":[],"_links":{"self":[{"href":"https:\/\/jornaldeitaipava.com.br\/index.php\/wp-json\/wp\/v2\/posts\/50669"}],"collection":[{"href":"https:\/\/jornaldeitaipava.com.br\/index.php\/wp-json\/wp\/v2\/posts"}],"about":[{"href":"https:\/\/jornaldeitaipava.com.br\/index.php\/wp-json\/wp\/v2\/types\/post"}],"author":[{"embeddable":true,"href":"https:\/\/jornaldeitaipava.com.br\/index.php\/wp-json\/wp\/v2\/users\/1"}],"replies":[{"embeddable":true,"href":"https:\/\/jornaldeitaipava.com.br\/index.php\/wp-json\/wp\/v2\/comments?post=50669"}],"version-history":[{"count":1,"href":"https:\/\/jornaldeitaipava.com.br\/index.php\/wp-json\/wp\/v2\/posts\/50669\/revisions"}],"predecessor-version":[{"id":50671,"href":"https:\/\/jornaldeitaipava.com.br\/index.php\/wp-json\/wp\/v2\/posts\/50669\/revisions\/50671"}],"wp:featuredmedia":[{"embeddable":true,"href":"https:\/\/jornaldeitaipava.com.br\/index.php\/wp-json\/wp\/v2\/media\/50670"}],"wp:attachment":[{"href":"https:\/\/jornaldeitaipava.com.br\/index.php\/wp-json\/wp\/v2\/media?parent=50669"}],"wp:term":[{"taxonomy":"category","embeddable":true,"href":"https:\/\/jornaldeitaipava.com.br\/index.php\/wp-json\/wp\/v2\/categories?post=50669"},{"taxonomy":"post_tag","embeddable":true,"href":"https:\/\/jornaldeitaipava.com.br\/index.php\/wp-json\/wp\/v2\/tags?post=50669"}],"curies":[{"name":"wp","href":"https:\/\/api.w.org\/{rel}","templated":true}]}}