{"id":50716,"date":"2026-03-24T19:03:18","date_gmt":"2026-03-24T22:03:18","guid":{"rendered":"http:\/\/jornaldeitaipava.com.br\/?p=50716"},"modified":"2026-03-24T19:03:20","modified_gmt":"2026-03-24T22:03:20","slug":"congresso-de-gestalt-terapia-chega-a-regiao-serrana-e-sera-realizado-pela-primeira-vez-em-petropolis","status":"publish","type":"post","link":"https:\/\/jornaldeitaipava.com.br\/index.php\/2026\/03\/24\/congresso-de-gestalt-terapia-chega-a-regiao-serrana-e-sera-realizado-pela-primeira-vez-em-petropolis\/","title":{"rendered":"Congresso de Gestalt-terapia chega \u00e0 Regi\u00e3o Serrana e ser\u00e1 realizado pela primeira vez em Petr\u00f3polis"},"content":{"rendered":"\n<p class=\"has-text-align-center\"><strong>Como parte dos preparativos, foi realizada uma visita t\u00e9cnica com o objetivo de definir a estrutura do evento que ser\u00e1 em julho e abordar\u00e1 os desafios da sa\u00fade mental<\/strong><\/p>\n\n\n\n<p>Petr\u00f3polis ser\u00e1 palco de um importante encontro voltado \u00e0 sa\u00fade mental e \u00e0 pr\u00e1tica cl\u00ednica contempor\u00e2nea. Nos dias 24 e 25 de julho, a Universidade Est\u00e1cio de S\u00e1 sediar\u00e1 o X Congresso de Gestalt-terapia do Estado do Rio de Janeiro, reunindo profissionais, professores, pesquisadores e estudantes de diversas regi\u00f5es.<br>Como parte da organiza\u00e7\u00e3o, foi realizada uma visita t\u00e9cnica no come\u00e7o deste m\u00eas, com o objetivo de definir a estrutura do evento, incluindo a distribui\u00e7\u00e3o dos espa\u00e7os, salas de atividades e demais aspectos log\u00edsticos para garantir a melhor experi\u00eancia aos participantes.<br>Ao trazer o Congresso para Petr\u00f3polis, os organizadores refor\u00e7am o compromisso com a descentraliza\u00e7\u00e3o do conhecimento e com o fortalecimento da Gestalt-terapia em diferentes territ\u00f3rios, ampliando o alcance da abordagem e promovendo conex\u00f5es entre profissionais, estudantes e a comunidade acad\u00eamica.<br>Consolidado no calend\u00e1rio cient\u00edfico da \u00e1rea, o Congresso \u00e9 realizado a cada dois anos e chega \u00e0 sua d\u00e9cima edi\u00e7\u00e3o celebrando sua trajet\u00f3ria e relev\u00e2ncia na constru\u00e7\u00e3o e difus\u00e3o da abordagem gest\u00e1ltica no estado. Pela primeira vez, o evento ser\u00e1 realizado na Regi\u00e3o Serrana, com o objetivo de fortalecer a Gestalt-terapia fora dos grandes centros e ampliar o acesso ao debate qualificado.<br>Com o tema \u201cFuturo Ancestral: das ra\u00edzes aos novos desafios para a Gestalt-terapia contempor\u00e2nea\u201d, o encontro prop\u00f5e um di\u00e1logo entre tradi\u00e7\u00e3o e inova\u00e7\u00e3o, valorizando a hist\u00f3ria da abordagem ao mesmo tempo em que impulsiona reflex\u00f5es sobre os desafios atuais da sociedade.<br>A programa\u00e7\u00e3o abordar\u00e1 temas fundamentais como sa\u00fade mental, crise clim\u00e1tica, quest\u00f5es de g\u00eanero e sexualidade, novos arranjos familiares, interseccionalidade, racismo, cl\u00ednica ampliada, neuroci\u00eancia, inf\u00e2ncia hiperconectada, redes sociais, envelhecimento e os impactos da contemporaneidade nos modos de viver e adoecer. A proposta \u00e9 fomentar uma cl\u00ednica cr\u00edtica, conectada \u00e0s transforma\u00e7\u00f5es sociais e \u00e0s demandas emergentes do nosso tempo.<br>A expectativa \u00e9 reunir cerca de 350 participantes, mantendo a m\u00e9dia das edi\u00e7\u00f5es anteriores, com p\u00fablico vindo de diferentes regi\u00f5es do Estado do Rio de Janeiro. A abertura do Congresso ser\u00e1 realizada no Teatro do Col\u00e9gio Santa Isabel, marcando o in\u00edcio de dois dias intensos de trocas, aprendizado e produ\u00e7\u00e3o de conhecimento.<\/p>\n","protected":false},"excerpt":{"rendered":"<p>Como parte dos preparativos, foi realizada uma visita t\u00e9cnica com o objetivo de definir a<\/p>\n","protected":false},"author":1,"featured_media":50717,"comment_status":"closed","ping_status":"open","sticky":false,"template":"","format":"standard","meta":{"spay_email":"","footnotes":"","jetpack_publicize_message":""},"categories":[2],"tags":[],"jetpack_featured_media_url":"https:\/\/i1.wp.com\/jornaldeitaipava.com.br\/wp-content\/uploads\/2026\/03\/WhatsApp-Image-2026-03-24-at-15.00.25.jpeg?fit=1200%2C922&ssl=1","jetpack_publicize_connections":[],"jetpack_sharing_enabled":true,"jetpack_likes_enabled":true,"jetpack-related-posts":[],"_links":{"self":[{"href":"https:\/\/jornaldeitaipava.com.br\/index.php\/wp-json\/wp\/v2\/posts\/50716"}],"collection":[{"href":"https:\/\/jornaldeitaipava.com.br\/index.php\/wp-json\/wp\/v2\/posts"}],"about":[{"href":"https:\/\/jornaldeitaipava.com.br\/index.php\/wp-json\/wp\/v2\/types\/post"}],"author":[{"embeddable":true,"href":"https:\/\/jornaldeitaipava.com.br\/index.php\/wp-json\/wp\/v2\/users\/1"}],"replies":[{"embeddable":true,"href":"https:\/\/jornaldeitaipava.com.br\/index.php\/wp-json\/wp\/v2\/comments?post=50716"}],"version-history":[{"count":1,"href":"https:\/\/jornaldeitaipava.com.br\/index.php\/wp-json\/wp\/v2\/posts\/50716\/revisions"}],"predecessor-version":[{"id":50718,"href":"https:\/\/jornaldeitaipava.com.br\/index.php\/wp-json\/wp\/v2\/posts\/50716\/revisions\/50718"}],"wp:featuredmedia":[{"embeddable":true,"href":"https:\/\/jornaldeitaipava.com.br\/index.php\/wp-json\/wp\/v2\/media\/50717"}],"wp:attachment":[{"href":"https:\/\/jornaldeitaipava.com.br\/index.php\/wp-json\/wp\/v2\/media?parent=50716"}],"wp:term":[{"taxonomy":"category","embeddable":true,"href":"https:\/\/jornaldeitaipava.com.br\/index.php\/wp-json\/wp\/v2\/categories?post=50716"},{"taxonomy":"post_tag","embeddable":true,"href":"https:\/\/jornaldeitaipava.com.br\/index.php\/wp-json\/wp\/v2\/tags?post=50716"}],"curies":[{"name":"wp","href":"https:\/\/api.w.org\/{rel}","templated":true}]}}