{"id":50982,"date":"2026-04-05T10:05:12","date_gmt":"2026-04-05T13:05:12","guid":{"rendered":"http:\/\/jornaldeitaipava.com.br\/?p=50982"},"modified":"2026-04-05T10:05:15","modified_gmt":"2026-04-05T13:05:15","slug":"enel-rio-tem-950-vagas-abertas-para-eletricistas-em-toda-a-sua-area-de-concessao","status":"publish","type":"post","link":"https:\/\/jornaldeitaipava.com.br\/index.php\/2026\/04\/05\/enel-rio-tem-950-vagas-abertas-para-eletricistas-em-toda-a-sua-area-de-concessao\/","title":{"rendered":"ENEL RIO TEM 950 VAGAS ABERTAS PARA ELETRICISTAS EM TODA A SUA \u00c1REA DE CONCESS\u00c3O"},"content":{"rendered":"\n<p>A Enel Rio est\u00e1 com 950 vagas abertas para eletricistas em toda a sua \u00e1rea de concess\u00e3o no estado. As oportunidades s\u00e3o para eletricistas pleno, s\u00eanior, especialistas e linha viva. As inscri\u00e7\u00f5es podem ser feitas no link<a href=\"https:\/\/forms.office.com\/Pages\/ResponsePage.aspx?id=o8LN6mdHCE-8xMg2050OOF1bbHCTdSVBu2T6bU9sgmZURUZIQTgwNlNaS0VSSUZGRjhVWVVIVEJVSS4u\">\u00a0Cadastro Vagas<\/a>\u00a0at\u00e9 o fim deste m\u00eas.<\/p>\n\n\n\n<p>Para participar do processo seletivo, os candidatos devem preencher alguns requisitos: ensino m\u00e9dio completo, curso de eletricista de distribui\u00e7\u00e3o de energia el\u00e9trica (240h), curso b\u00e1sico NR-10 (40h) e curso complementar (SEP) da NR-10 (40h). Tamb\u00e9m \u00e9 desej\u00e1vel que os interessados tenham curso de trabalho em altura NR-35 (16h), habilita\u00e7\u00e3o para condu\u00e7\u00e3o de ve\u00edculos categoria C, D ou B e, para as vagas de Linha Viva, \u00e9 obrigat\u00f3rio o curso de manuten\u00e7\u00e3o Linha Viva MT 13,8 KV (100h).<\/p>\n\n\n\n<p>Ap\u00f3s as inscri\u00e7\u00f5es, os candidatos dever\u00e3o ficar atentos j\u00e1 que o contato dever\u00e1 ser feito por e-mail ou WhatsApp.<\/p>\n\n\n\n<p><strong><u>Servi\u00e7o:<\/u><\/strong><\/p>\n\n\n\n<p><strong>Vagas para eletricistas na Enel Rio<\/strong><\/p>\n\n\n\n<p><strong>Total de vagas:<\/strong>&nbsp;950<\/p>\n\n\n\n<p><strong>Prazo para inscri\u00e7\u00e3o:<\/strong>&nbsp;at\u00e9 o fim deste m\u00eas<\/p>\n\n\n\n<p><strong>Link para inscri\u00e7\u00e3o:&nbsp;<\/strong><a><\/a><a href=\"https:\/\/forms.office.com\/Pages\/ResponsePage.aspx?id=o8LN6mdHCE-8xMg2050OOF1bbHCTdSVBu2T6bU9sgmZURUZIQTgwNlNaS0VSSUZGRjhVWVVIVEJVSS4u\" target=\"_blank\" rel=\"noreferrer noopener\">Cadastro Vagas<\/a><\/p>\n","protected":false},"excerpt":{"rendered":"<p>A Enel Rio est\u00e1 com 950 vagas abertas para eletricistas em toda a sua \u00e1rea<\/p>\n","protected":false},"author":1,"featured_media":18166,"comment_status":"closed","ping_status":"open","sticky":false,"template":"","format":"standard","meta":{"spay_email":"","footnotes":"","jetpack_publicize_message":""},"categories":[2],"tags":[],"jetpack_featured_media_url":"https:\/\/i2.wp.com\/jornaldeitaipava.com.br\/wp-content\/uploads\/2021\/07\/enel.png?fit=749%2C480&ssl=1","jetpack_publicize_connections":[],"jetpack_sharing_enabled":true,"jetpack_likes_enabled":true,"jetpack-related-posts":[],"_links":{"self":[{"href":"https:\/\/jornaldeitaipava.com.br\/index.php\/wp-json\/wp\/v2\/posts\/50982"}],"collection":[{"href":"https:\/\/jornaldeitaipava.com.br\/index.php\/wp-json\/wp\/v2\/posts"}],"about":[{"href":"https:\/\/jornaldeitaipava.com.br\/index.php\/wp-json\/wp\/v2\/types\/post"}],"author":[{"embeddable":true,"href":"https:\/\/jornaldeitaipava.com.br\/index.php\/wp-json\/wp\/v2\/users\/1"}],"replies":[{"embeddable":true,"href":"https:\/\/jornaldeitaipava.com.br\/index.php\/wp-json\/wp\/v2\/comments?post=50982"}],"version-history":[{"count":1,"href":"https:\/\/jornaldeitaipava.com.br\/index.php\/wp-json\/wp\/v2\/posts\/50982\/revisions"}],"predecessor-version":[{"id":50983,"href":"https:\/\/jornaldeitaipava.com.br\/index.php\/wp-json\/wp\/v2\/posts\/50982\/revisions\/50983"}],"wp:featuredmedia":[{"embeddable":true,"href":"https:\/\/jornaldeitaipava.com.br\/index.php\/wp-json\/wp\/v2\/media\/18166"}],"wp:attachment":[{"href":"https:\/\/jornaldeitaipava.com.br\/index.php\/wp-json\/wp\/v2\/media?parent=50982"}],"wp:term":[{"taxonomy":"category","embeddable":true,"href":"https:\/\/jornaldeitaipava.com.br\/index.php\/wp-json\/wp\/v2\/categories?post=50982"},{"taxonomy":"post_tag","embeddable":true,"href":"https:\/\/jornaldeitaipava.com.br\/index.php\/wp-json\/wp\/v2\/tags?post=50982"}],"curies":[{"name":"wp","href":"https:\/\/api.w.org\/{rel}","templated":true}]}}