{"id":51427,"date":"2026-04-28T12:04:16","date_gmt":"2026-04-28T15:04:16","guid":{"rendered":"http:\/\/jornaldeitaipava.com.br\/?p=51427"},"modified":"2026-04-28T12:04:17","modified_gmt":"2026-04-28T15:04:17","slug":"escola-de-musica-santa-cecilia-lanca-projeto-inedito-para-adultos-30-e-transforma-arte-em-ferramenta-de-saude-e-recomeco","status":"publish","type":"post","link":"https:\/\/jornaldeitaipava.com.br\/index.php\/2026\/04\/28\/escola-de-musica-santa-cecilia-lanca-projeto-inedito-para-adultos-30-e-transforma-arte-em-ferramenta-de-saude-e-recomeco\/","title":{"rendered":"Escola de M\u00fasica Santa Cec\u00edlia lan\u00e7a projeto in\u00e9dito para adultos 30+ e transforma arte em ferramenta de sa\u00fade e recome\u00e7o"},"content":{"rendered":"\n<p>Com respaldo cient\u00edfico de universidades como Harvard, Oxford e USP, iniciativa aposta na m\u00fasica para combater ansiedade, estimular o c\u00e9rebro e promover bem-estar em uma gera\u00e7\u00e3o sobrecarregada<\/p>\n\n\n\n<p>Em um cen\u00e1rio global marcado pelo avan\u00e7o dos transtornos de ansiedade, o Brasil ocupa uma posi\u00e7\u00e3o de destaque preocupante: segundo a Organiza\u00e7\u00e3o Mundial da Sa\u00fade (OMS), o pa\u00eds lidera o ranking mundial de pessoas ansiosas. Diante desse quadro, cresce a busca por alternativas que ultrapassem abordagens convencionais e dialoguem com qualidade de vida, equil\u00edbrio emocional e sa\u00fade integral.<\/p>\n\n\n\n<p>\u00c9 nesse contexto que a Escola de M\u00fasica Santa Cec\u00edlia apresenta um projeto inovador voltado para adultos a partir dos 30 anos, o&nbsp;<strong>Viv\u00eancias Musicais&nbsp;<\/strong>propondo n\u00e3o apenas o aprendizado art\u00edstico, mas um verdadeiro reencontro com o bem-estar por meio da m\u00fasica.<\/p>\n\n\n\n<p>A iniciativa encontra respaldo em pesquisas consolidadas de institui\u00e7\u00f5es de prest\u00edgio internacional. Um estudo conduzido pela Universidade de Harvard, nos Estados Unidos, aponta que a pr\u00e1tica musical regular pode reduzir significativamente os n\u00edveis de cortisol \u2014 horm\u00f4nio relacionado ao estresse \u2014 al\u00e9m de estimular a libera\u00e7\u00e3o de dopamina, associada \u00e0 sensa\u00e7\u00e3o de prazer e motiva\u00e7\u00e3o. J\u00e1 pesquisadores da Universidade de Oxford, no Reino Unido, identificaram que cantar em grupo aumenta a produ\u00e7\u00e3o de endorfina e fortalece v\u00ednculos sociais, impactando diretamente na sensa\u00e7\u00e3o de felicidade e pertencimento.<\/p>\n\n\n\n<p>No Brasil, estudos desenvolvidos pela Universidade de S\u00e3o Paulo (USP) e pela Universidade Federal de Minas Gerais (UFMG) refor\u00e7am esses achados. Pesquisas nessas institui\u00e7\u00f5es demonstram que o envolvimento com a m\u00fasica ativa \u00e1reas cerebrais relacionadas \u00e0 mem\u00f3ria, aten\u00e7\u00e3o e emo\u00e7\u00e3o, contribuindo para o desenvolvimento cognitivo e para a redu\u00e7\u00e3o de sintomas de ansiedade e depress\u00e3o.<\/p>\n\n\n\n<p>Esse conjunto de evid\u00eancias cient\u00edficas ajuda a explicar por que a arte tem sido cada vez mais integrada a pr\u00e1ticas de cuidado com a sa\u00fade mental. Mais do que uma atividade recreativa, a m\u00fasica passa a ser compreendida como um instrumento terap\u00eautico potente, especialmente em uma sociedade marcada pelo excesso de est\u00edmulos, press\u00e3o cotidiana e esgotamento emocional.<\/p>\n\n\n\n<p>\u00c9 justamente nessa interse\u00e7\u00e3o entre arte e sa\u00fade que se estrutura o novo projeto da Escola de M\u00fasica Santa Cec\u00edlia. Voltado especialmente para um p\u00fablico adulto mais maduro, o programa nasce com foco em pais e respons\u00e1veis que j\u00e1 frequentam a institui\u00e7\u00e3o por meio de seus filhos, mas que carregam o desejo \u2014 muitas vezes adormecido \u2014 de iniciar sua pr\u00f3pria trajet\u00f3ria art\u00edstica.<\/p>\n\n\n\n<p>A proposta rompe com o modelo tradicional de ensino t\u00e9cnico e rigoroso. Em seu lugar, surge uma abordagem acolhedora, que prioriza a experi\u00eancia, o prazer de aprender e a desconstru\u00e7\u00e3o de cren\u00e7as limitantes, como a ideia de que existe \u201cidade certa\u201d para come\u00e7ar.<\/p>\n\n\n\n<p>\u201cA ideia \u00e9 oferecer um primeiro contato sem press\u00e3o, onde a m\u00fasica seja uma viv\u00eancia significativa. Muitas pessoas chegam travadas, com medo de errar ou achando que j\u00e1 passou o tempo. Nosso trabalho \u00e9 justamente quebrar essas barreiras emocionais e mostrar que sempre \u00e9 poss\u00edvel come\u00e7ar\u201d, afirma a coordenadora do projeto, Vit\u00f3ria Gasparini.<\/p>\n\n\n\n<p>A presidente volunt\u00e1ria da institui\u00e7\u00e3o, Janine Meireles, destaca que o projeto reflete um novo olhar da escola diante das demandas contempor\u00e2neas. \u201cA escola est\u00e1 lan\u00e7ando novos projetos com novos olhares a partir das demandas criadas pela sociedade. \u00c9 a partir do olhar atento do cotidiano que estamos criando op\u00e7\u00f5es no campo das artes, ampliando o acesso e acolhendo diferentes perfis de alunos\u201d, declara.<\/p>\n\n\n\n<p>Mais do que uma forma\u00e7\u00e3o art\u00edstica, o projeto tamb\u00e9m se apresenta como uma possibilidade terap\u00eautica. Ao estimular a express\u00e3o emocional, a socializa\u00e7\u00e3o e o desenvolvimento cognitivo, a pr\u00e1tica musical se torna uma ferramenta poderosa para lidar com ansiedade, estresse e bloqueios emocionais.<\/p>\n\n\n\n<p>Neste primeiro momento, a iniciativa entra em fase de implanta\u00e7\u00e3o com a abertura de inscri\u00e7\u00f5es para aulas experimentais, que ser\u00e3o realizadas ao longo do m\u00eas de maio. A proposta \u00e9 que esse seja o ponto de partida para um programa mais amplo, que poder\u00e1 inclusive se desdobrar em caminhos profissionalizantes para aqueles que desejarem aprofundar sua rela\u00e7\u00e3o com a arte.<\/p>\n\n\n\n<p>Com base cient\u00edfica s\u00f3lida e uma proposta pedag\u00f3gica inovadora, a Escola de M\u00fasica Santa Cec\u00edlia aposta em um princ\u00edpio simples, mas transformador: nunca \u00e9 tarde para aprender, se expressar e cuidar de si. Em tempos de urg\u00eancia emocional, a arte deixa de ser apenas um complemento e assume um papel central na reconstru\u00e7\u00e3o do equil\u00edbrio humano.<\/p>\n\n\n\n<p>Mais informa\u00e7\u00f5es podem ser obtidas de segunda a sexta-feira, das 8h \u00e0s 20h, na sede da Escola de M\u00fasica Santa Cec\u00edlia, localizada na Rua General Os\u00f3rio, 192, Centro de Petr\u00f3polis, pelo telefone e WhatsApp (24) 2242-2191 ou pelas redes sociais @emusicasantacecilia (Instagram) e @santaceciliapetropolis (Facebook).<\/p>\n\n\n\n<p><strong>SERVI\u00c7O<\/strong><\/p>\n\n\n\n<p><strong>Escola de M\u00fasica Santa Cec\u00edlia<\/strong><\/p>\n\n\n\n<p>Rua General Os\u00f3rio, 192<\/p>\n\n\n\n<p>(25620-160) Centro, Petr\u00f3polis \u2013 RJ<\/p>\n\n\n\n<p>Google Maps:&nbsp;<a href=\"https:\/\/goo.gl\/maps\/y3euNmLBzsfcwtXv8\" target=\"_blank\" rel=\"noreferrer noopener\">https:\/\/goo.gl\/maps\/y3euNmLBzsfcwtXv8<\/a>&nbsp;<\/p>\n","protected":false},"excerpt":{"rendered":"<p>Com respaldo cient\u00edfico de universidades como Harvard, Oxford e USP, iniciativa aposta na m\u00fasica para<\/p>\n","protected":false},"author":1,"featured_media":30148,"comment_status":"closed","ping_status":"open","sticky":false,"template":"","format":"standard","meta":{"spay_email":"","footnotes":"","jetpack_publicize_message":""},"categories":[1],"tags":[],"jetpack_featured_media_url":"https:\/\/i2.wp.com\/jornaldeitaipava.com.br\/wp-content\/uploads\/2022\/07\/SANTA-CECILIA.jpg?fit=283%2C178&ssl=1","jetpack_publicize_connections":[],"jetpack_sharing_enabled":true,"jetpack_likes_enabled":true,"jetpack-related-posts":[],"_links":{"self":[{"href":"https:\/\/jornaldeitaipava.com.br\/index.php\/wp-json\/wp\/v2\/posts\/51427"}],"collection":[{"href":"https:\/\/jornaldeitaipava.com.br\/index.php\/wp-json\/wp\/v2\/posts"}],"about":[{"href":"https:\/\/jornaldeitaipava.com.br\/index.php\/wp-json\/wp\/v2\/types\/post"}],"author":[{"embeddable":true,"href":"https:\/\/jornaldeitaipava.com.br\/index.php\/wp-json\/wp\/v2\/users\/1"}],"replies":[{"embeddable":true,"href":"https:\/\/jornaldeitaipava.com.br\/index.php\/wp-json\/wp\/v2\/comments?post=51427"}],"version-history":[{"count":1,"href":"https:\/\/jornaldeitaipava.com.br\/index.php\/wp-json\/wp\/v2\/posts\/51427\/revisions"}],"predecessor-version":[{"id":51428,"href":"https:\/\/jornaldeitaipava.com.br\/index.php\/wp-json\/wp\/v2\/posts\/51427\/revisions\/51428"}],"wp:featuredmedia":[{"embeddable":true,"href":"https:\/\/jornaldeitaipava.com.br\/index.php\/wp-json\/wp\/v2\/media\/30148"}],"wp:attachment":[{"href":"https:\/\/jornaldeitaipava.com.br\/index.php\/wp-json\/wp\/v2\/media?parent=51427"}],"wp:term":[{"taxonomy":"category","embeddable":true,"href":"https:\/\/jornaldeitaipava.com.br\/index.php\/wp-json\/wp\/v2\/categories?post=51427"},{"taxonomy":"post_tag","embeddable":true,"href":"https:\/\/jornaldeitaipava.com.br\/index.php\/wp-json\/wp\/v2\/tags?post=51427"}],"curies":[{"name":"wp","href":"https:\/\/api.w.org\/{rel}","templated":true}]}}