{"id":51436,"date":"2026-04-28T12:18:28","date_gmt":"2026-04-28T15:18:28","guid":{"rendered":"http:\/\/jornaldeitaipava.com.br\/?p=51436"},"modified":"2026-04-28T12:18:29","modified_gmt":"2026-04-28T15:18:29","slug":"fim-da-escala-6x1-estudos-divergem-sobre-impactos-no-pib-e-inflacao","status":"publish","type":"post","link":"https:\/\/jornaldeitaipava.com.br\/index.php\/2026\/04\/28\/fim-da-escala-6x1-estudos-divergem-sobre-impactos-no-pib-e-inflacao\/","title":{"rendered":"Fim da escala 6&#215;1: estudos divergem sobre impactos no PIB e infla\u00e7\u00e3o"},"content":{"rendered":"\n<p>LUCAS PORDEUS LE\u00d3N &#8211; REP\u00d3RTER DA AG\u00caNCIA BRASIL<\/p>\n\n\n\n<p>As propostas de redu\u00e7\u00e3o da jornada de trabalho no Brasil, em tramita\u00e7\u00e3o no Congresso Nacional, t\u00eam mobilizado pesquisadores sobre os poss\u00edveis impactos da medida na economia, a partir do fim da escala de seis dias de trabalho por um de descanso, a chamada 6&#215;1.<br>De um lado, estudos de entidades que representam o empresariado, as chamadas confedera\u00e7\u00f5es patronais, projetam queda no Produto Interno Bruto (PIB) e alta da infla\u00e7\u00e3o.<br>Por outra perspectiva, an\u00e1lises da Universidade Estadual de Campinas (Unicamp) e do Instituto de Pesquisa Econ\u00f4mica Aplicada (Ipea) desenham um cen\u00e1rio diferente, com impactos reduzidos atingindo apenas alguns setores, al\u00e9m da cria\u00e7\u00e3o de mais empregos e poss\u00edvel aumento do PIB.<br>Para a economista da Unicamp Marilane Teixeira, a diferen\u00e7a entre as pesquisas sobre os custos econ\u00f4micos da redu\u00e7\u00e3o da jornada ocorre porque n\u00e3o se trata de um debate puramente t\u00e9cnico, mas pol\u00edtico.<br>\u201cParte significativa da literatura econ\u00f4mica que discute o assunto parte de modelos que assumem, como regra, que qualquer redu\u00e7\u00e3o na quantidade de horas trabalhadas levar\u00e1, inevitavelmente, \u00e0 redu\u00e7\u00e3o da produ\u00e7\u00e3o e da renda \u2013 ignorando, assim, os ajustes din\u00e2micos que historicamente ocorrem no mercado de trabalho\u201d, aponta.<br>Para a professora da Unicamp Marilane Teixeira, a diferen\u00e7a entre as pesquisas ocorre porque o debate \u00e9 pol\u00edtico. Foto: Pedro Fran\u00e7a\/Ag\u00eancia Senado<br>Membro do Centro de Estudos Sindicais e de Economia do Trabalho (Cesite), Marilene defende que a resist\u00eancia \u00e0 redu\u00e7\u00e3o da jornada, por parte dos empregadores, pode levar a proje\u00e7\u00f5es alarmistas.<br>\u201cDo ponto de vista dos empregadores, \u00e9 claro que, qualquer mudan\u00e7a \u00e9 vista a partir do seu neg\u00f3cio. Eles n\u00e3o olham a economia como um todo, mas isso traz benef\u00edcios para o conjunto da sociedade\u201d, acredita.<\/p>\n\n\n\n<p>Previs\u00f5es<br>A pesquisa da Confedera\u00e7\u00e3o Nacional da Ind\u00fastria (CNI) calcula uma perda de R$ 76 bilh\u00f5es no PIB brasileiro (-0,7%) com a redu\u00e7\u00e3o da jornada das atuais 44 para 40 horas. No caso da ind\u00fastria, o PIB cairia 1,2%.<br>\u201cNossa ind\u00fastria vai perder participa\u00e7\u00e3o no mercado dom\u00e9stico e internacional, a partir da redu\u00e7\u00e3o nas exporta\u00e7\u00f5es e da alta nas importa\u00e7\u00f5es\u201d, destaca o presidente da CNI, Ricardo Alban.<br>J\u00e1 a Confedera\u00e7\u00e3o Nacional do Com\u00e9rcio de Bens, Servi\u00e7os e Turismo (CNC), que re\u00fane empres\u00e1rios desses setores, afirma que a redu\u00e7\u00e3o da jornada aumentaria os custos sobre a folha salarial em 21%. A estimativa da CNC cita que o repasse de pre\u00e7os ao consumidor poderia chegar a 13%. J\u00e1 a CNI aponta para altas nos pre\u00e7os de 6,2%, em m\u00e9dia.<br>\u201cSem redu\u00e7\u00e3o dos sal\u00e1rios nominais, espera-se por impactos significativos sobre a rentabilidade da atividade comercial no Brasil\u201d, diz a CNC.<\/p>\n\n\n\n<p>Custos x benef\u00edcios<br>J\u00e1 o estudo do Ipea afirma que a alta no custo das empresas com os trabalhadores, a partir da redu\u00e7\u00e3o da jornada, n\u00e3o passaria dos 10%, no caso dos setores mais impactados. Na m\u00e9dia, a previs\u00e3o \u00e9 de um custo extra do trabalho de 7,8%.<br>Por\u00e9m, considerando o custo total das empresas, conta que engloba o conjunto de gastos, o impacto da redu\u00e7\u00e3o da jornada varia de 1%, em setores como com\u00e9rcio e ind\u00fastria, a at\u00e9 6,6%, no caso do ramo de vigil\u00e2ncia e seguran\u00e7a.<br>\u201cOs resultados indicam que a maioria dos setores produtivos apresenta capacidade de absorver aumentos nos custos do trabalho, ainda que alguns segmentos demandem aten\u00e7\u00e3o espec\u00edfica\u201d, diz o estudo do Ipea.<br>A exce\u00e7\u00e3o seriam as empresas com at\u00e9 nove trabalhadores, que empregam cerca de 25% dos assalariados formais do pa\u00eds. Segundo o Ipea, esses neg\u00f3cios podem precisar de apoio estatal para transi\u00e7\u00e3o \u00e0 nova jornada de trabalho.<br>O coordenador de cadastro e identifica\u00e7\u00e3o profisional da secretaria de trabalho, Felipe Pateo,fala \u00e0 imprensa durante a divulga\u00e7\u00e3o dos dados de mar\u00e7o do Novo Cadastro Geral de Empregados e Desempregados (Novo Caged)<br>Autor do estudo do Ipea, Felipe Pateo afirma que o levantamento da CNC n\u00e3o demonstra, \u201cde forma transparente\u201d, como eles chegaram ao aumento de 21% no custo do trabalho. Foto: Valter Campanato\/Ag\u00eancia Brasil<br>Um dos autores do estudo do Ipea, Felipe Pateo, afirma que o levantamento da CNC n\u00e3o demonstra, \u201cde forma transparente\u201d, como eles chegaram ao aumento de 21% no custo do trabalho.<br>\u201cMesmo olhando s\u00f3 para o custo do trabalho em si, a gente mostra que, matematicamente, n\u00e3o tem como esse aumento ser maior do que 10% porque \u00e9 exatamente o tempo de horas que o empregador vai perder em rela\u00e7\u00e3o ao trabalhador que faz 44 horas semanais\u201d, afirmou.<br>A Ag\u00eancia Brasil procurou a CNC para comentar as diverg\u00eancias, mas n\u00e3o obteve retorno at\u00e9 o fechamento desta reportagem.<\/p>\n","protected":false},"excerpt":{"rendered":"<p>LUCAS PORDEUS LE\u00d3N &#8211; REP\u00d3RTER DA AG\u00caNCIA BRASIL As propostas de redu\u00e7\u00e3o da jornada de<\/p>\n","protected":false},"author":1,"featured_media":13614,"comment_status":"closed","ping_status":"open","sticky":false,"template":"","format":"standard","meta":{"spay_email":"","footnotes":"","jetpack_publicize_message":""},"categories":[24],"tags":[],"jetpack_featured_media_url":"https:\/\/i2.wp.com\/jornaldeitaipava.com.br\/wp-content\/uploads\/2021\/04\/CART-TRABALHO.jpg?fit=911%2C488&ssl=1","jetpack_publicize_connections":[],"jetpack_sharing_enabled":true,"jetpack_likes_enabled":true,"jetpack-related-posts":[],"_links":{"self":[{"href":"https:\/\/jornaldeitaipava.com.br\/index.php\/wp-json\/wp\/v2\/posts\/51436"}],"collection":[{"href":"https:\/\/jornaldeitaipava.com.br\/index.php\/wp-json\/wp\/v2\/posts"}],"about":[{"href":"https:\/\/jornaldeitaipava.com.br\/index.php\/wp-json\/wp\/v2\/types\/post"}],"author":[{"embeddable":true,"href":"https:\/\/jornaldeitaipava.com.br\/index.php\/wp-json\/wp\/v2\/users\/1"}],"replies":[{"embeddable":true,"href":"https:\/\/jornaldeitaipava.com.br\/index.php\/wp-json\/wp\/v2\/comments?post=51436"}],"version-history":[{"count":1,"href":"https:\/\/jornaldeitaipava.com.br\/index.php\/wp-json\/wp\/v2\/posts\/51436\/revisions"}],"predecessor-version":[{"id":51437,"href":"https:\/\/jornaldeitaipava.com.br\/index.php\/wp-json\/wp\/v2\/posts\/51436\/revisions\/51437"}],"wp:featuredmedia":[{"embeddable":true,"href":"https:\/\/jornaldeitaipava.com.br\/index.php\/wp-json\/wp\/v2\/media\/13614"}],"wp:attachment":[{"href":"https:\/\/jornaldeitaipava.com.br\/index.php\/wp-json\/wp\/v2\/media?parent=51436"}],"wp:term":[{"taxonomy":"category","embeddable":true,"href":"https:\/\/jornaldeitaipava.com.br\/index.php\/wp-json\/wp\/v2\/categories?post=51436"},{"taxonomy":"post_tag","embeddable":true,"href":"https:\/\/jornaldeitaipava.com.br\/index.php\/wp-json\/wp\/v2\/tags?post=51436"}],"curies":[{"name":"wp","href":"https:\/\/api.w.org\/{rel}","templated":true}]}}