{"id":51443,"date":"2026-04-28T12:24:46","date_gmt":"2026-04-28T15:24:46","guid":{"rendered":"http:\/\/jornaldeitaipava.com.br\/?p=51443"},"modified":"2026-04-28T12:24:49","modified_gmt":"2026-04-28T15:24:49","slug":"p2-do-26o-bpm-apreende-grande-carga-de-drogas-no-quitandinha","status":"publish","type":"post","link":"https:\/\/jornaldeitaipava.com.br\/index.php\/2026\/04\/28\/p2-do-26o-bpm-apreende-grande-carga-de-drogas-no-quitandinha\/","title":{"rendered":"P2 DO 26\u00ba BPM APREENDE GRANDE CARGA DE DROGAS NO QUITANDINHA"},"content":{"rendered":"\n<p>Na manh\u00e3 deste domingo (26), policiais da P2 do 26\u00ba BPM (Ala Charlie) realizaram uma expressiva apreens\u00e3o de drogas na comunidade conhecida como \u201cCasinhas\u201d, no bairro Quitandinha, em Petr\u00f3polis.<\/p>\n\n\n\n<p>A a\u00e7\u00e3o foi resultado de trabalho de intelig\u00eancia aliado a informa\u00e7\u00f5es repassadas pelo Disque Den\u00fancia, que indicavam que um suspeito ligado ao tr\u00e1fico local teria escondido uma mochila com entorpecentes em uma \u00e1rea de mata pr\u00f3xima \u00e0 sua resid\u00eancia.<\/p>\n\n\n\n<p>Durante as buscas, os agentes localizaram o material, que estava oculto em meio \u00e0 vegeta\u00e7\u00e3o. Ao todo, foram apreendidas 1.601 pedras de crack (aproximadamente 2,1 kg), 65 tabletes de maconha (cerca de 1,18 kg) e 957 c\u00e1psulas de coca\u00edna (aproximadamente 2,3 kg), todos com caracter\u00edsticas de comercializa\u00e7\u00e3o e identifica\u00e7\u00e3o relacionada a fac\u00e7\u00e3o criminosa.<\/p>\n\n\n\n<p>Todo o material foi encaminhado \u00e0 105\u00aa DP, onde ficou apreendido. Um suspeito foi identificado e responder\u00e1 por tr\u00e1fico de drogas, sendo instaurado inqu\u00e9rito para apura\u00e7\u00e3o dos fatos.<\/p>\n\n\n\n<p>A a\u00e7\u00e3o resultou em um preju\u00edzo estimado de aproximadamente R$ 30 mil ao tr\u00e1fico local e refor\u00e7a a atua\u00e7\u00e3o estrat\u00e9gica da Pol\u00edcia Militar no combate \u00e0s organiza\u00e7\u00f5es criminosas na regi\u00e3o.<\/p>\n","protected":false},"excerpt":{"rendered":"<p>Na manh\u00e3 deste domingo (26), policiais da P2 do 26\u00ba BPM (Ala Charlie) realizaram uma<\/p>\n","protected":false},"author":1,"featured_media":51444,"comment_status":"closed","ping_status":"open","sticky":false,"template":"","format":"standard","meta":{"spay_email":"","footnotes":"","jetpack_publicize_message":""},"categories":[2],"tags":[],"jetpack_featured_media_url":"https:\/\/i2.wp.com\/jornaldeitaipava.com.br\/wp-content\/uploads\/2026\/04\/WhatsApp-Image-2026-04-27-at-15.10.15.jpeg?fit=1599%2C899&ssl=1","jetpack_publicize_connections":[],"jetpack_sharing_enabled":true,"jetpack_likes_enabled":true,"jetpack-related-posts":[],"_links":{"self":[{"href":"https:\/\/jornaldeitaipava.com.br\/index.php\/wp-json\/wp\/v2\/posts\/51443"}],"collection":[{"href":"https:\/\/jornaldeitaipava.com.br\/index.php\/wp-json\/wp\/v2\/posts"}],"about":[{"href":"https:\/\/jornaldeitaipava.com.br\/index.php\/wp-json\/wp\/v2\/types\/post"}],"author":[{"embeddable":true,"href":"https:\/\/jornaldeitaipava.com.br\/index.php\/wp-json\/wp\/v2\/users\/1"}],"replies":[{"embeddable":true,"href":"https:\/\/jornaldeitaipava.com.br\/index.php\/wp-json\/wp\/v2\/comments?post=51443"}],"version-history":[{"count":1,"href":"https:\/\/jornaldeitaipava.com.br\/index.php\/wp-json\/wp\/v2\/posts\/51443\/revisions"}],"predecessor-version":[{"id":51445,"href":"https:\/\/jornaldeitaipava.com.br\/index.php\/wp-json\/wp\/v2\/posts\/51443\/revisions\/51445"}],"wp:featuredmedia":[{"embeddable":true,"href":"https:\/\/jornaldeitaipava.com.br\/index.php\/wp-json\/wp\/v2\/media\/51444"}],"wp:attachment":[{"href":"https:\/\/jornaldeitaipava.com.br\/index.php\/wp-json\/wp\/v2\/media?parent=51443"}],"wp:term":[{"taxonomy":"category","embeddable":true,"href":"https:\/\/jornaldeitaipava.com.br\/index.php\/wp-json\/wp\/v2\/categories?post=51443"},{"taxonomy":"post_tag","embeddable":true,"href":"https:\/\/jornaldeitaipava.com.br\/index.php\/wp-json\/wp\/v2\/tags?post=51443"}],"curies":[{"name":"wp","href":"https:\/\/api.w.org\/{rel}","templated":true}]}}