{"id":51446,"date":"2026-04-28T12:29:53","date_gmt":"2026-04-28T15:29:53","guid":{"rendered":"http:\/\/jornaldeitaipava.com.br\/?p=51446"},"modified":"2026-04-28T12:29:55","modified_gmt":"2026-04-28T15:29:55","slug":"projeto-propoe-criacao-da-frente-parlamentar-em-defesa-da-cultura-do-samba-e-do-carnaval-em-petropolis","status":"publish","type":"post","link":"https:\/\/jornaldeitaipava.com.br\/index.php\/2026\/04\/28\/projeto-propoe-criacao-da-frente-parlamentar-em-defesa-da-cultura-do-samba-e-do-carnaval-em-petropolis\/","title":{"rendered":"Projeto prop\u00f5e cria\u00e7\u00e3o da Frente Parlamentar em Defesa da Cultura do Samba e do Carnaval em Petr\u00f3polis"},"content":{"rendered":"\n<p>A C\u00e2mara Municipal aprovou o projeto de autoria do vereador Thiago Damaceno que prop\u00f5e a cria\u00e7\u00e3o da Frente Parlamentar em Defesa da Cultura do Samba e do Carnaval em Petr\u00f3polis. A medida institui um espa\u00e7o de atua\u00e7\u00e3o dentro do Legislativo voltado ao fortalecimento, valoriza\u00e7\u00e3o e preserva\u00e7\u00e3o dessas express\u00f5es culturais no munic\u00edpio.<\/p>\n\n\n\n<p>\u201cA cria\u00e7\u00e3o da Frente Parlamentar \u00e9 uma forma de valorizar a cultura do samba e do carnaval, fortalecendo a identidade cultural da nossa cidade e incentivando pol\u00edticas p\u00fablicas voltadas ao setor\u201d, afirmou o vereador Thiago Damaceno.<\/p>\n\n\n\n<p>A frente parlamentar ser\u00e1 composta de forma volunt\u00e1ria por vereadores interessados na tem\u00e1tica e ter\u00e1 como objetivo promover o debate e o acompanhamento de a\u00e7\u00f5es relacionadas ao setor. Entre as atividades previstas est\u00e3o a realiza\u00e7\u00e3o de estudos, audi\u00eancias p\u00fablicas, semin\u00e1rios e reuni\u00f5es com a participa\u00e7\u00e3o de escolas de samba, especialistas e representantes da sociedade civil.<\/p>\n\n\n\n<p>O grupo tamb\u00e9m poder\u00e1 acompanhar proposi\u00e7\u00f5es legislativas, sugerir medidas ao Poder Executivo e atuar na articula\u00e7\u00e3o com outras frentes parlamentares em diferentes munic\u00edpios e estados. As reuni\u00f5es ser\u00e3o p\u00fablicas e abertas \u00e0 popula\u00e7\u00e3o, com divulga\u00e7\u00e3o pr\u00e9via de datas e locais, podendo ocorrer na C\u00e2mara Municipal ou em ambiente virtual.<\/p>\n\n\n\n<p>Com a cria\u00e7\u00e3o da frente, o Legislativo passa a contar com um instrumento espec\u00edfico para ampliar o di\u00e1logo sobre o samba e o carnaval, al\u00e9m de incentivar pol\u00edticas p\u00fablicas voltadas ao desenvolvimento do setor cultural.<\/p>\n\n\n\n<p>A iniciativa refor\u00e7a a import\u00e2ncia dessas manifesta\u00e7\u00f5es para a identidade cultural de Petr\u00f3polis e busca garantir maior participa\u00e7\u00e3o social, transpar\u00eancia e integra\u00e7\u00e3o entre o poder p\u00fablico e a sociedade civil.<\/p>\n","protected":false},"excerpt":{"rendered":"<p>A C\u00e2mara Municipal aprovou o projeto de autoria do vereador Thiago Damaceno que prop\u00f5e a<\/p>\n","protected":false},"author":1,"featured_media":51447,"comment_status":"closed","ping_status":"open","sticky":false,"template":"","format":"standard","meta":{"spay_email":"","footnotes":"","jetpack_publicize_message":""},"categories":[2],"tags":[],"jetpack_featured_media_url":"https:\/\/i2.wp.com\/jornaldeitaipava.com.br\/wp-content\/uploads\/2026\/04\/WhatsApp-Image-2026-04-20-at-12.58.24.jpeg?fit=2560%2C1753&ssl=1","jetpack_publicize_connections":[],"jetpack_sharing_enabled":true,"jetpack_likes_enabled":true,"jetpack-related-posts":[],"_links":{"self":[{"href":"https:\/\/jornaldeitaipava.com.br\/index.php\/wp-json\/wp\/v2\/posts\/51446"}],"collection":[{"href":"https:\/\/jornaldeitaipava.com.br\/index.php\/wp-json\/wp\/v2\/posts"}],"about":[{"href":"https:\/\/jornaldeitaipava.com.br\/index.php\/wp-json\/wp\/v2\/types\/post"}],"author":[{"embeddable":true,"href":"https:\/\/jornaldeitaipava.com.br\/index.php\/wp-json\/wp\/v2\/users\/1"}],"replies":[{"embeddable":true,"href":"https:\/\/jornaldeitaipava.com.br\/index.php\/wp-json\/wp\/v2\/comments?post=51446"}],"version-history":[{"count":1,"href":"https:\/\/jornaldeitaipava.com.br\/index.php\/wp-json\/wp\/v2\/posts\/51446\/revisions"}],"predecessor-version":[{"id":51448,"href":"https:\/\/jornaldeitaipava.com.br\/index.php\/wp-json\/wp\/v2\/posts\/51446\/revisions\/51448"}],"wp:featuredmedia":[{"embeddable":true,"href":"https:\/\/jornaldeitaipava.com.br\/index.php\/wp-json\/wp\/v2\/media\/51447"}],"wp:attachment":[{"href":"https:\/\/jornaldeitaipava.com.br\/index.php\/wp-json\/wp\/v2\/media?parent=51446"}],"wp:term":[{"taxonomy":"category","embeddable":true,"href":"https:\/\/jornaldeitaipava.com.br\/index.php\/wp-json\/wp\/v2\/categories?post=51446"},{"taxonomy":"post_tag","embeddable":true,"href":"https:\/\/jornaldeitaipava.com.br\/index.php\/wp-json\/wp\/v2\/tags?post=51446"}],"curies":[{"name":"wp","href":"https:\/\/api.w.org\/{rel}","templated":true}]}}